{"id":23385,"date":"2014-05-23T12:04:27","date_gmt":"2014-05-23T15:04:27","guid":{"rendered":"http:\/\/vocesdebaires.com.ar\/wordpress\/index.php\/2014\/05\/23\/beneplacito-por-premio-principe-de-asturias-para-quino\/"},"modified":"2014-05-23T12:04:27","modified_gmt":"2014-05-23T15:04:27","slug":"beneplacito-por-premio-principe-de-asturias-para-quino","status":"publish","type":"post","link":"https:\/\/vocesdebaires.com.ar\/index.php\/2014\/05\/23\/beneplacito-por-premio-principe-de-asturias-para-quino\/","title":{"rendered":"Benepl\u00e1cito por premio Pr\u00edncipe de Asturias para Quino"},"content":{"rendered":"<p><span style=\"line-height: 1.3em;\">La Legislatura expres\u00f3 \u00a0ayer en su sesion ordiaria , su benepl\u00e1cito y celebr\u00f3 el premio Pr\u00edncipe de Asturias en la categor\u00eda \u00abComunicaci\u00f3n y Humanidades\u00bb entregado a Joaqu\u00edn Lavado \u00abQuino\u00bb, creador de la famosa Mafalda. Es el galard\u00f3n m\u00e1s importante que entrega el Reino de Espa\u00f1a y est\u00e1n destinados a reconocer la labor cient\u00edfica, t\u00e9cnica, cultural, social y humana realizada por personas, instituciones, grupos de personas o de instituciones en el \u00e1mbito internacional, con especial atenci\u00f3n en Espa\u00f1a. Se entregan en una solemne ceremonia presidida por el Pr\u00edncipe en la ciudad de Oviedo, capital del principado de Asturias, y consta de una escultura de Joan Miro, un diploma, una insignia con el escudo de la Fundaci\u00f3n Pr\u00edncipe de Asturias y un reconocimiento econ\u00f3mico.<\/span><\/p>\n<p><span style=\"line-height: 1.3em;\">La categor\u00eda \u00abComunicaci\u00f3n y Humanidades\u00bb se entrega a \u00abla persona, instituci\u00f3n, grupo de personas o de instituciones cuya labor creadora o de investigaci\u00f3n represente una aportaci\u00f3n relevante a la cultura universal en esos campos\u00bb. \u00abDe Joaqu\u00edn Lavado y de Mafalda no queda mucho por decir que esta Legislatura no haya hecho en estos \u00faltimos 25 a\u00f1os. Quino es desde 2004 Ciudadano Ilustre de nuestra ciudad, Mafalda quien en 1988 no pudo ser reconocida como ciudadana por no ser una persona, ha sido reconocida en la nomenclatura porte\u00f1a con una plaza, pero por sobre todo es parte del esp\u00edritu y el afecto de nuestra ciudad\u00bb, sostuvo uno de los autores del proyecto de declaraci\u00f3n, el diputado Hern\u00e1n Rossi (SUMA+). Otro expediente en el mismo sentido hab\u00eda sido presentado por su par Daniel Lipovetzky (PRO).<\/span><\/p>\n<p>Primera Terapia Intensiva Neonatal con quir\u00f3fano del pa\u00eds<\/p>\n<p>La Legislatura porte\u00f1a manifest\u00f3 \u00absu benepl\u00e1cito por la inauguraci\u00f3n de la primera Terapia Intensiva Neonatal con quir\u00f3fano del pa\u00eds en el Hospital de Pediatr\u00eda SAMIC \u00abProfesor Dr. Juan P. Garrraham\u00bb. La aprobaci\u00f3n sobre tablas de la declaraci\u00f3n se concret\u00f3 a partir de un proyecto de la diputada Mar\u00eda Jos\u00e9 Mui\u00f1os (FpV), quien consider\u00f3 al presentar la inicitiva legislativa que \u00abla sala mejora los est\u00e1ndares del Hospital pero tambi\u00e9n significa un evento de suma importancia a nivel de la salud p\u00fablica de la Ciudad Aut\u00f3noma de Buenos Aires as\u00ed como la de todo el pa\u00eds\u00bb.<\/p>\n<p>Esta primera sala de Terapia Intensiva Neonatal con quir\u00f3fano demand\u00f3 una inversi\u00f3n por parte del Ministerio de Salud Nacional de casi $ 5 millones; es la primera en su tipo en el pa\u00eds y reduce notablemente los riesgos del traslado intrahospitalario del paciente neonatal cuando requiere cirug\u00eda\u00bb .<span style=\"line-height: 1.3em;\">La sesi\u00f3n tras agotar el temario, cuando era presidida por el Vicepresidente Primero, diputado Cristian Ritondo (PRO) concluy\u00f3 a las 14 hs.<\/span><\/p>\n","protected":false},"excerpt":{"rendered":"<p>La Legislatura expres\u00f3 \u00a0ayer en su sesion ordiaria , su benepl\u00e1cito y celebr\u00f3 el premio Pr\u00edncipe de Asturias en la categor\u00eda \u00abComunicaci\u00f3n y Humanidades\u00bb entregado a Joaqu\u00edn Lavado \u00abQuino\u00bb, creador de la famosa Mafalda. Es el galard\u00f3n m\u00e1s importante que entrega el Reino de Espa\u00f1a y est\u00e1n destinados a reconocer la labor cient\u00edfica, t\u00e9cnica, cultural, [&hellip;]<\/p>\n","protected":false},"author":2,"featured_media":23386,"comment_status":"open","ping_status":"open","sticky":false,"template":"","format":"standard","meta":{"_et_pb_use_builder":"","_et_pb_old_content":"","_et_gb_content_width":"","footnotes":""},"categories":[11,44],"tags":[],"class_list":["post-23385","post","type-post","status-publish","format-standard","has-post-thumbnail","hentry","category-ciudad","category-funcionarios-de-la-caba"],"_links":{"self":[{"href":"https:\/\/vocesdebaires.com.ar\/index.php\/wp-json\/wp\/v2\/posts\/23385"}],"collection":[{"href":"https:\/\/vocesdebaires.com.ar\/index.php\/wp-json\/wp\/v2\/posts"}],"about":[{"href":"https:\/\/vocesdebaires.com.ar\/index.php\/wp-json\/wp\/v2\/types\/post"}],"author":[{"embeddable":true,"href":"https:\/\/vocesdebaires.com.ar\/index.php\/wp-json\/wp\/v2\/users\/2"}],"replies":[{"embeddable":true,"href":"https:\/\/vocesdebaires.com.ar\/index.php\/wp-json\/wp\/v2\/comments?post=23385"}],"version-history":[{"count":0,"href":"https:\/\/vocesdebaires.com.ar\/index.php\/wp-json\/wp\/v2\/posts\/23385\/revisions"}],"wp:featuredmedia":[{"embeddable":true,"href":"https:\/\/vocesdebaires.com.ar\/index.php\/wp-json\/wp\/v2\/media\/23386"}],"wp:attachment":[{"href":"https:\/\/vocesdebaires.com.ar\/index.php\/wp-json\/wp\/v2\/media?parent=23385"}],"wp:term":[{"taxonomy":"category","embeddable":true,"href":"https:\/\/vocesdebaires.com.ar\/index.php\/wp-json\/wp\/v2\/categories?post=23385"},{"taxonomy":"post_tag","embeddable":true,"href":"https:\/\/vocesdebaires.com.ar\/index.php\/wp-json\/wp\/v2\/tags?post=23385"}],"curies":[{"name":"wp","href":"https:\/\/api.w.org\/{rel}","templated":true}]}}