{"id":23420,"date":"2014-05-27T17:32:25","date_gmt":"2014-05-27T20:32:25","guid":{"rendered":"http:\/\/vocesdebaires.com.ar\/wordpress\/index.php\/2014\/05\/27\/se-inauguro-el-ciclo-la-legislatura-y-la-escuela-3\/"},"modified":"2014-05-27T17:32:25","modified_gmt":"2014-05-27T20:32:25","slug":"se-inauguro-el-ciclo-la-legislatura-y-la-escuela-3","status":"publish","type":"post","link":"https:\/\/vocesdebaires.com.ar\/index.php\/2014\/05\/27\/se-inauguro-el-ciclo-la-legislatura-y-la-escuela-3\/","title":{"rendered":"Se inaugur\u00f3 el ciclo La Legislatura y la Escuela"},"content":{"rendered":"<p><span style=\"line-height: 1.3em;\">El Vicepresidente Primero, diputado Cristian Ritondo presidi\u00f3 este martes la sesi\u00f3n que dio comienzo al ciclo anual n\u00famero 15 de \u00abLa Legislatura y la Escuela\u00bb con la participaci\u00f3n del colegio \u00abNuestra Se\u00f1ora de Lourdes\u00bb; la Escuela N\u00ba 5 D.E. 14 \u00abDr. Enrique de Vedia\u00bb; el colegio N\u00ba 1 D.E. 10 \u00abCasto Munita\u00bb; la Escuela \u00abDel Jacarand\u00e1\u00bb, y la Escuela N\u00ba 3 D.E. 7 \u00abPrimera Junta\u00bb.<\/span><span style=\"line-height: 1.3em;\">Organizado por la Direcci\u00f3n General de Gesti\u00f3n y Participaci\u00f3n Ciudadana, el programa \u00abLa Legislatura y la Escuela\u00bb fomenta la participaci\u00f3n de los alumnos de escuelas primarias y secundarias para facilitar la comprensi\u00f3n del proceso legislativo. M\u00e1s de 6000 estudiantes de 6to. y 7mo. grados, 4to. y 5to. a\u00f1os y de educaci\u00f3n especial de diferentes colegios tomaron el rol de los legisladores presentando y debatiendo proyectos de leyes, y alrededor del 25% de ellos fueron asumidos por Diputadas\/os y tratados en las sesiones del Cuerpo parlamentario.<\/span><\/p>\n<p>\u00abEs un modelo para introducirlos en el mundo de la pol\u00edtica\u00bb, afirm\u00f3 Ritondo<span style=\"line-height: 1.3em;\">En la apertura del evento, Cristian Ritondo (PRO) asegur\u00f3: \u00abEl martes es es uno de los d\u00edas m\u00e1s alegres de la semana porque la Legislatura se llena de chicos. Hasta el momento participaron del programa m\u00e1s de 1100 colegios, y considero que es un modelo interesante para introducirlos en el mundo de la pol\u00edtica y que vean c\u00f3mo trabajamos en los d\u00edas de sesi\u00f3n\u00bb.<\/span><\/p>\n<p><span style=\"line-height: 1.3em;\">El colegio \u00abDel Jacarand\u00e1\u00bb present\u00f3 un proyecto que propone la reapertura de los consultorios odontol\u00f3gicos del Distrito Escolar 14 con el objetivo de que los alumnos puedan recibir atencion primaria inmediata. Por otro lado, la recuperaci\u00f3n de las plazas de la ciudad y la asistencia para mayores, personas con necesidades b\u00e1sicas e insatisfechas que se encuentren en situaci\u00f3n de calle fue impulsada por el colegio \u00abNuestra Se\u00f1ora de Lourdes\u00bb, del barrio de Flores. En tanto, los alumnos de la escuela \u00abCasto Munita\u00bb fueron los autores de una iniciativa que propone la reparaci\u00f3n edilicia del edificio sito en el barrio de Belgrano, luego se extendi\u00f3 el pedido para todas las escuelas que lo necesitaran y sostuvieron que \u00abcontar con las aulas en perfectas condiciones es esencial para poder desarrollar la calidad en el aprendizaje\u00bb. Entre otros temas, tambi\u00e9n se trat\u00f3 la gesti\u00f3n para cumplir con la Ley de Basura Cero de recolecci\u00f3n en los colegios y separaci\u00f3n de residuos, la seguridad en las escuelas de gesti\u00f3n p\u00fablica y privada de la ciudad y alrededores para reducir el delito, la violencia y tener un mejor control de los espacios, y un pedido de informe ya que no se concret\u00f3 hasta el d\u00eda de la fecha una soluci\u00f3n a los problemas edilicios de la escuela \u00abDr. Enrique De Ved\u00eda\u00bb.<\/span><\/p>\n<p>Siguieron las alternativas en el recinto de sesiones del Palacio Legislativo, tambi\u00e9n las diputadas Alejandra Caballero (PRO) y Mar\u00eda Rosa Mui\u00f1os (FpV), y los diputados Maximiliano Ferraro (CC) -Vicepresidente Tercero- y Francisco Quintana (PRO), adem\u00e1s de funcionarios legislativos.<\/p>\n<p>Detalles<\/p>\n<p>Cada encuentro del programa \u00abLa Legislatura y la Escuela\u00bb comienza antes de llegar al recinto de sesiones, cuando el personal de la Direcci\u00f3n General de Gesti\u00f3n y Participaci\u00f3n Ciudadana visita las escuelas para darles una charla informativa sobre el funcionamiento de la Legislatura y la tarea que cumple cada legislador, y tambi\u00e9n para explicarles c\u00f3mo deben presentar el proyecto que van a tratar junto a estudiantes de otros establecimientos. Reunidos en el recinto, los chicos participan como legisladores y junto a los docentes y a trav\u00e9s de sus sugerencias elaboran las propuestas para la escuela, el barrio o la ciudad. Una vez por semana se realizan las sesiones que son presididas por un legislador, luego los proyectos son remitidos a todos los diputados y algunos son asumidos por ellos y finalmente, aprobados.<\/p>\n<p>Foto : Los estudiantes le entregaron un diploma al diputado Cristian Ritondo<\/p>\n","protected":false},"excerpt":{"rendered":"<p>El Vicepresidente Primero, diputado Cristian Ritondo presidi\u00f3 este martes la sesi\u00f3n que dio comienzo al ciclo anual n\u00famero 15 de \u00abLa Legislatura y la Escuela\u00bb con la participaci\u00f3n del colegio \u00abNuestra Se\u00f1ora de Lourdes\u00bb; la Escuela N\u00ba 5 D.E. 14 \u00abDr. Enrique de Vedia\u00bb; el colegio N\u00ba 1 D.E. 10 \u00abCasto Munita\u00bb; la Escuela \u00abDel [&hellip;]<\/p>\n","protected":false},"author":2,"featured_media":23421,"comment_status":"open","ping_status":"open","sticky":false,"template":"","format":"standard","meta":{"_et_pb_use_builder":"","_et_pb_old_content":"","_et_gb_content_width":"","footnotes":""},"categories":[11,44],"tags":[],"class_list":["post-23420","post","type-post","status-publish","format-standard","has-post-thumbnail","hentry","category-ciudad","category-funcionarios-de-la-caba"],"_links":{"self":[{"href":"https:\/\/vocesdebaires.com.ar\/index.php\/wp-json\/wp\/v2\/posts\/23420"}],"collection":[{"href":"https:\/\/vocesdebaires.com.ar\/index.php\/wp-json\/wp\/v2\/posts"}],"about":[{"href":"https:\/\/vocesdebaires.com.ar\/index.php\/wp-json\/wp\/v2\/types\/post"}],"author":[{"embeddable":true,"href":"https:\/\/vocesdebaires.com.ar\/index.php\/wp-json\/wp\/v2\/users\/2"}],"replies":[{"embeddable":true,"href":"https:\/\/vocesdebaires.com.ar\/index.php\/wp-json\/wp\/v2\/comments?post=23420"}],"version-history":[{"count":0,"href":"https:\/\/vocesdebaires.com.ar\/index.php\/wp-json\/wp\/v2\/posts\/23420\/revisions"}],"wp:featuredmedia":[{"embeddable":true,"href":"https:\/\/vocesdebaires.com.ar\/index.php\/wp-json\/wp\/v2\/media\/23421"}],"wp:attachment":[{"href":"https:\/\/vocesdebaires.com.ar\/index.php\/wp-json\/wp\/v2\/media?parent=23420"}],"wp:term":[{"taxonomy":"category","embeddable":true,"href":"https:\/\/vocesdebaires.com.ar\/index.php\/wp-json\/wp\/v2\/categories?post=23420"},{"taxonomy":"post_tag","embeddable":true,"href":"https:\/\/vocesdebaires.com.ar\/index.php\/wp-json\/wp\/v2\/tags?post=23420"}],"curies":[{"name":"wp","href":"https:\/\/api.w.org\/{rel}","templated":true}]}}