{"id":23433,"date":"2014-05-27T20:41:07","date_gmt":"2014-05-27T23:41:07","guid":{"rendered":"http:\/\/vocesdebaires.com.ar\/wordpress\/index.php\/2014\/05\/27\/ritondo-hay-que-prohibir-la-actividad-de-los-cuidacoches\/"},"modified":"2014-05-27T20:41:07","modified_gmt":"2014-05-27T23:41:07","slug":"ritondo-hay-que-prohibir-la-actividad-de-los-cuidacoches","status":"publish","type":"post","link":"https:\/\/vocesdebaires.com.ar\/index.php\/2014\/05\/27\/ritondo-hay-que-prohibir-la-actividad-de-los-cuidacoches\/","title":{"rendered":"Ritondo: \u00abHay que prohibir la actividad de los cuidacoches\u00bb"},"content":{"rendered":"<p><span style=\"line-height: 1.3em;\">El Vicepresidente 1\u00ba de la Legislatura, Cristian Ritondo afirm\u00f3 \u00abEsto no es admisible. Debemos poner coto a este tipo de acciones si queremos vivir en paz y andar con seguridad por nuestras calles. Frente a esta concepci\u00f3n no temo en afirmar que el cuida coche que act\u00faa por las suyas no est\u00e1 trabajando, esta presionando a otro ciudadano, exigi\u00e9ndole a su antojo y parecer un pago, que nadie puede afirmar que sea justo y debido\u00bb<\/span><\/p>\n<p><span style=\"line-height: 1.3em;\">Ritondo sostuvo adem\u00e1s que \u00abdebe tomarse en cuenta la relaci\u00f3n que se traza entre el &#8216;servicio&#8217; que se presta y lo que se exige por tal &#8216;servicio&#8217;. En algunos casos, que hemos tomado como testigo, es que ese &#8216;servicio&#8217; suele prestarse como una especie de extorsi\u00f3n, pues se le da al cuida coches lo que \u00e9l exige por su tarea o el que deja el automotor debe soportar una represalia de este, generalmente sobre ese bien que ha dejado en custodia. En realidad el coche no se deja para que sea protegido, sino para que un an\u00f3nimo haga con \u00e9l lo que le venga en ganas\u00bb.<\/span><\/p>\n<p><span style=\"line-height: 1.3em;\">Finalmente, Ritondo enfatiz\u00f3 \u00aben el caso de los cuidacoches al que referimos, adem\u00e1s de no ser una actividad regulada, existen serias sospechas sobre su licitud, a lo cual se suma lo espor\u00e1dico de su aparici\u00f3n y los lugares y momentos en que se desarrolla, dado que los que la realizan solo aparecen en momentos en que se dan grandes eventos y espect\u00e1culos. Por lo tanto, es una actividad espor\u00e1dica, de la cual quien la realiza no puede vivir, y mucho menos \u00a0servir de sost\u00e9n a un grupo familiar\u00bb<\/span><span style=\"line-height: 1.3em;\">La jornada debate se llev\u00f3 a cabo en el Sal\u00f3n Juan Domingo Per\u00f3n y el evento fue organizado por las comisiones de Justicia y Asuntos Constitucionales. <\/span><\/p>\n<p><span style=\"line-height: 1.3em;\">En la apertura estuvieron el Presidente de la Comisi\u00f3n de Justicia, diputado Francisco Quintana (PRO), y el Presidente de la Comisi\u00f3n de Asuntos Constitucionales, diputado Helio Rebot (PRO). En tanto, el primer panel estuvo conformado por abogada penalista y ex Jefa de Seguridad del Club Atl\u00e9tico Independiente, Florencia Arietto, el Director de \u00c1rea de Control Comunal de la Defensor\u00eda del Pueblo, Eduardo Fachal y el Fiscal de C\u00e1mara en lo Penal, Contravencional y de Faltas de la Unidad Fiscal Norte, Eduardo Riggi.<\/span><span style=\"line-height: 1.3em;\">Adem\u00e1s, el segundo panel cont\u00f3 con la presencia de la Gerente de la Asociaci\u00f3n Amigos del Barrio de Palermo Viejo y Adyacencias y Presidenta del Consejo de Prevenci\u00f3n Comunitaria de la Comisar\u00eda 25\u00ba, Luc\u00eda Carew, el periodista de \u00abVisi\u00f3n 7\u00bb en la Televisi\u00f3n P\u00fablica, Emilio Ruchansky y el periodista en canal Am\u00e9rica 2 y radio La Red, Luis Novaresio. Ambas mesas fueron moderadas por Rodo Herrera, periodista en CN23. <\/span><\/p>\n<p>FOTO : de izq a der: Claudia Neira, Rodo Herrera, Francisco Quintana, Cristian Ritondo, Emilio Ruchansky, Luis Novaresio, Helio Rebot \u00a0y Lucia Carew<\/p>\n<p><span style=\"line-height: 1.3em;\"><br \/><\/span><\/p>\n","protected":false},"excerpt":{"rendered":"<p>El Vicepresidente 1\u00ba de la Legislatura, Cristian Ritondo afirm\u00f3 \u00abEsto no es admisible. Debemos poner coto a este tipo de acciones si queremos vivir en paz y andar con seguridad por nuestras calles. Frente a esta concepci\u00f3n no temo en afirmar que el cuida coche que act\u00faa por las suyas no est\u00e1 trabajando, esta presionando [&hellip;]<\/p>\n","protected":false},"author":2,"featured_media":23434,"comment_status":"open","ping_status":"open","sticky":false,"template":"","format":"standard","meta":{"_et_pb_use_builder":"","_et_pb_old_content":"","_et_gb_content_width":"","footnotes":""},"categories":[11,44],"tags":[],"class_list":["post-23433","post","type-post","status-publish","format-standard","has-post-thumbnail","hentry","category-ciudad","category-funcionarios-de-la-caba"],"_links":{"self":[{"href":"https:\/\/vocesdebaires.com.ar\/index.php\/wp-json\/wp\/v2\/posts\/23433"}],"collection":[{"href":"https:\/\/vocesdebaires.com.ar\/index.php\/wp-json\/wp\/v2\/posts"}],"about":[{"href":"https:\/\/vocesdebaires.com.ar\/index.php\/wp-json\/wp\/v2\/types\/post"}],"author":[{"embeddable":true,"href":"https:\/\/vocesdebaires.com.ar\/index.php\/wp-json\/wp\/v2\/users\/2"}],"replies":[{"embeddable":true,"href":"https:\/\/vocesdebaires.com.ar\/index.php\/wp-json\/wp\/v2\/comments?post=23433"}],"version-history":[{"count":0,"href":"https:\/\/vocesdebaires.com.ar\/index.php\/wp-json\/wp\/v2\/posts\/23433\/revisions"}],"wp:featuredmedia":[{"embeddable":true,"href":"https:\/\/vocesdebaires.com.ar\/index.php\/wp-json\/wp\/v2\/media\/23434"}],"wp:attachment":[{"href":"https:\/\/vocesdebaires.com.ar\/index.php\/wp-json\/wp\/v2\/media?parent=23433"}],"wp:term":[{"taxonomy":"category","embeddable":true,"href":"https:\/\/vocesdebaires.com.ar\/index.php\/wp-json\/wp\/v2\/categories?post=23433"},{"taxonomy":"post_tag","embeddable":true,"href":"https:\/\/vocesdebaires.com.ar\/index.php\/wp-json\/wp\/v2\/tags?post=23433"}],"curies":[{"name":"wp","href":"https:\/\/api.w.org\/{rel}","templated":true}]}}