{"id":23442,"date":"2014-05-28T16:56:51","date_gmt":"2014-05-28T19:56:51","guid":{"rendered":"http:\/\/vocesdebaires.com.ar\/wordpress\/index.php\/2014\/05\/28\/legislatura-jornada-sobre-prevencion-de-violencia-en-el-noviazgo\/"},"modified":"2014-05-28T16:56:51","modified_gmt":"2014-05-28T19:56:51","slug":"legislatura-jornada-sobre-prevencion-de-violencia-en-el-noviazgo","status":"publish","type":"post","link":"https:\/\/vocesdebaires.com.ar\/index.php\/2014\/05\/28\/legislatura-jornada-sobre-prevencion-de-violencia-en-el-noviazgo\/","title":{"rendered":"Legislatura: Jornada sobre Prevenci\u00f3n de Violencia en el Noviazgo"},"content":{"rendered":"<p><span style=\"line-height: 1.3em;\">La ley 4547, sancionada en mayo de 2013, instituy\u00f3 el 27 de mayo como \u00abD\u00eda de la Prevenci\u00f3n de la Violencia en el Noviazgo\u00bb en conmemoraci\u00f3n al d\u00eda en que fue asesinada Carolina Al\u00f3, una joven de 17 a\u00f1os que recibi\u00f3 113 pu\u00f1aladas de su pareja, Fabi\u00e1n Toledo, en el municipio de Tigre en el a\u00f1o 1996.<\/span><\/p>\n<p>La diputada Raquel Herrero, autora de la iniciativa, sostuvo que \u00abesta ley se pens\u00f3 para ayudar, para recordarles a los ciudadanos que ninguno est\u00e1 exento de que sucedan casos como estos y por eso no debemos olvidar a quienes tuvieron que afrontar este triste camino. Debemos hacer foco especialmente en los adolescentes que comienzan en edades tempranas a relacionarse y lograr que recuperen los valores que nos inculcaron. El de la palabra, el del respeto, el del di\u00e1logo. S\u00f3lo as\u00ed vamos a poder construir una sociedad mejor\u00bb.<\/p>\n<p>Por su parte, la ministra de Desarrollo Social de la Ciudad de Buenos Aires, Carolina Stanley destac\u00f3 que \u00abdesde el ministerio buscamos ser un lugar de consulta para que cualquier persona pueda acercarse y preguntar si la situaci\u00f3n que est\u00e1 viviendo es una situaci\u00f3n de violencia\u00bb. Adem\u00e1s, la ministra expres\u00f3: \u00abQueremos vivir en un pa\u00eds sin femicidios y una forma de lograrlo es con la prevenci\u00f3n\u00bb.<\/p>\n<p>La violencia en el noviazgo se define como todo ataque intencional de tipo sexual, f\u00edsico o psicol\u00f3gico, de un miembro de la pareja contra el otro con el objeto de controlar o dominar a la persona. En nuestro pa\u00eds no hay registros oficiales que posibiliten una lectura cuantitativa ni cualitativa de la violencia de g\u00e9nero, una problem\u00e1tica que atraviesa todas las edades, pero que tiene caracter\u00edsticas espec\u00edficas durante la adolescencia, etapa en que comienzan las primeras relaciones de pareja. Seg\u00fan cifras recopiladas por la ONG Mujeres Como Vos, a nivel mundial, seg\u00fan alert\u00f3 la OMS, la violencia de g\u00e9nero es la primera causa de muerte en las mujeres desde los 15 a\u00f1os.<\/p>\n<p>De la jornada participaron tambi\u00e9n los diputados Francisco Quintana, Carmen Polledo, L\u00eda Rueda, Victoria Morales Gorleri y Victoria Rold\u00e1n M\u00e9ndez (PRO). Adem\u00e1s acompa\u00f1aron esta jornada la Directora Ejecutiva de La Casa del Encuentro, Fabiana Tu\u00f1ez y la Directora de la Direcci\u00f3n General de la Mujer, Lic. Daniela Reich.<\/p>\n<p>Foto : (de izq a der) La Directora Ejecutiva de La Casa del Encuentro, Fabiana Tu\u00f1ez; la diputada Raquel Herrero (PRO); la ministra de Desarrollo Social, Carolina Stanley y la Directora General de la Mujer, Lic. Daniela Reich llevaron adelante la jornada de prevenci\u00f3n<\/p>\n","protected":false},"excerpt":{"rendered":"<p>La ley 4547, sancionada en mayo de 2013, instituy\u00f3 el 27 de mayo como \u00abD\u00eda de la Prevenci\u00f3n de la Violencia en el Noviazgo\u00bb en conmemoraci\u00f3n al d\u00eda en que fue asesinada Carolina Al\u00f3, una joven de 17 a\u00f1os que recibi\u00f3 113 pu\u00f1aladas de su pareja, Fabi\u00e1n Toledo, en el municipio de Tigre en el [&hellip;]<\/p>\n","protected":false},"author":2,"featured_media":23443,"comment_status":"open","ping_status":"open","sticky":false,"template":"","format":"standard","meta":{"_et_pb_use_builder":"","_et_pb_old_content":"","_et_gb_content_width":"","footnotes":""},"categories":[11,44],"tags":[],"class_list":["post-23442","post","type-post","status-publish","format-standard","has-post-thumbnail","hentry","category-ciudad","category-funcionarios-de-la-caba"],"_links":{"self":[{"href":"https:\/\/vocesdebaires.com.ar\/index.php\/wp-json\/wp\/v2\/posts\/23442"}],"collection":[{"href":"https:\/\/vocesdebaires.com.ar\/index.php\/wp-json\/wp\/v2\/posts"}],"about":[{"href":"https:\/\/vocesdebaires.com.ar\/index.php\/wp-json\/wp\/v2\/types\/post"}],"author":[{"embeddable":true,"href":"https:\/\/vocesdebaires.com.ar\/index.php\/wp-json\/wp\/v2\/users\/2"}],"replies":[{"embeddable":true,"href":"https:\/\/vocesdebaires.com.ar\/index.php\/wp-json\/wp\/v2\/comments?post=23442"}],"version-history":[{"count":0,"href":"https:\/\/vocesdebaires.com.ar\/index.php\/wp-json\/wp\/v2\/posts\/23442\/revisions"}],"wp:featuredmedia":[{"embeddable":true,"href":"https:\/\/vocesdebaires.com.ar\/index.php\/wp-json\/wp\/v2\/media\/23443"}],"wp:attachment":[{"href":"https:\/\/vocesdebaires.com.ar\/index.php\/wp-json\/wp\/v2\/media?parent=23442"}],"wp:term":[{"taxonomy":"category","embeddable":true,"href":"https:\/\/vocesdebaires.com.ar\/index.php\/wp-json\/wp\/v2\/categories?post=23442"},{"taxonomy":"post_tag","embeddable":true,"href":"https:\/\/vocesdebaires.com.ar\/index.php\/wp-json\/wp\/v2\/tags?post=23442"}],"curies":[{"name":"wp","href":"https:\/\/api.w.org\/{rel}","templated":true}]}}