{"id":23457,"date":"2014-05-29T13:31:42","date_gmt":"2014-05-29T16:31:42","guid":{"rendered":"http:\/\/vocesdebaires.com.ar\/wordpress\/index.php\/2014\/05\/29\/vidal-se-reunio-esta-tarde-con-vecinos-de-hurlingham\/"},"modified":"2014-05-29T13:31:42","modified_gmt":"2014-05-29T16:31:42","slug":"vidal-se-reunio-esta-tarde-con-vecinos-de-hurlingham","status":"publish","type":"post","link":"https:\/\/vocesdebaires.com.ar\/index.php\/2014\/05\/29\/vidal-se-reunio-esta-tarde-con-vecinos-de-hurlingham\/","title":{"rendered":"Vidal se reuni\u00f3 esta tarde con vecinos de Hurlingham"},"content":{"rendered":"<p><span style=\"line-height: 1.3em;\">La referente del PRO Mar\u00eda Eugenia Vidal se reuni\u00f3 \u00a0ayer con vecinos de Hurlingham, a los que les asegur\u00f3: \u201cNadie les va a sacar la ayuda social si votan distinto, no dejen que les metan miedo\u201d.<\/span><span style=\"line-height: 1.3em;\">Vidal inaugur\u00f3 un nuevo local partidario en Hurlingham, donde se dieron cita militantes y simpatizantes de la fuerza que lidera a nivel nacional Mauricio Macri. Luego visit\u00f3 el Hogar Luna Llena y particip\u00f3 de una mateada con vecinos del barrio San Jos\u00e9, acompa\u00f1ada por el referente local Lucas Delfino.<\/span><\/p>\n<p><span style=\"line-height: 1.3em;\">En el acto de inauguraci\u00f3n, Vidal asegur\u00f3 que el PRO crece en la provincia \u201cporque lo que crece es la idea del cambio. La idea es m\u00e1s poderosa que los candidatos y las personas. Cuando una idea se instala eso finalmente tracciona a todo los dem\u00e1s\u201d.<\/span><span style=\"line-height: 1.3em;\">\u00abTenemos que mirar m\u00e1s lo que hacemos y fijarnos menos en lo que decimos. Nosotros hablamos con los hechos, en estos a\u00f1os de gesti\u00f3n mejoramos la Ciudad, mejoramos la educaci\u00f3n y la salud p\u00fablica, mejoramos el transporte. Lo mismo que hicimos en la Ciudad lo queremos hacer en todo el pa\u00eds\u201d, finaliz\u00f3 Vidal.<\/span><\/p>\n","protected":false},"excerpt":{"rendered":"<p>La referente del PRO Mar\u00eda Eugenia Vidal se reuni\u00f3 \u00a0ayer con vecinos de Hurlingham, a los que les asegur\u00f3: \u201cNadie les va a sacar la ayuda social si votan distinto, no dejen que les metan miedo\u201d.Vidal inaugur\u00f3 un nuevo local partidario en Hurlingham, donde se dieron cita militantes y simpatizantes de la fuerza que lidera [&hellip;]<\/p>\n","protected":false},"author":2,"featured_media":23458,"comment_status":"open","ping_status":"open","sticky":false,"template":"","format":"standard","meta":{"_et_pb_use_builder":"","_et_pb_old_content":"","_et_gb_content_width":"","footnotes":""},"categories":[11,44],"tags":[],"class_list":["post-23457","post","type-post","status-publish","format-standard","has-post-thumbnail","hentry","category-ciudad","category-funcionarios-de-la-caba"],"_links":{"self":[{"href":"https:\/\/vocesdebaires.com.ar\/index.php\/wp-json\/wp\/v2\/posts\/23457"}],"collection":[{"href":"https:\/\/vocesdebaires.com.ar\/index.php\/wp-json\/wp\/v2\/posts"}],"about":[{"href":"https:\/\/vocesdebaires.com.ar\/index.php\/wp-json\/wp\/v2\/types\/post"}],"author":[{"embeddable":true,"href":"https:\/\/vocesdebaires.com.ar\/index.php\/wp-json\/wp\/v2\/users\/2"}],"replies":[{"embeddable":true,"href":"https:\/\/vocesdebaires.com.ar\/index.php\/wp-json\/wp\/v2\/comments?post=23457"}],"version-history":[{"count":0,"href":"https:\/\/vocesdebaires.com.ar\/index.php\/wp-json\/wp\/v2\/posts\/23457\/revisions"}],"wp:featuredmedia":[{"embeddable":true,"href":"https:\/\/vocesdebaires.com.ar\/index.php\/wp-json\/wp\/v2\/media\/23458"}],"wp:attachment":[{"href":"https:\/\/vocesdebaires.com.ar\/index.php\/wp-json\/wp\/v2\/media?parent=23457"}],"wp:term":[{"taxonomy":"category","embeddable":true,"href":"https:\/\/vocesdebaires.com.ar\/index.php\/wp-json\/wp\/v2\/categories?post=23457"},{"taxonomy":"post_tag","embeddable":true,"href":"https:\/\/vocesdebaires.com.ar\/index.php\/wp-json\/wp\/v2\/tags?post=23457"}],"curies":[{"name":"wp","href":"https:\/\/api.w.org\/{rel}","templated":true}]}}