{"id":2348,"date":"2020-05-27T03:00:00","date_gmt":"2020-05-27T06:00:00","guid":{"rendered":"http:\/\/vocesdebaires.com.ar\/wordpress\/index.php\/2020\/05\/27\/floresta-detuvieron-a-un-hombre-con-cocaina\/"},"modified":"2020-05-27T03:00:00","modified_gmt":"2020-05-27T06:00:00","slug":"floresta-detuvieron-a-un-hombre-con-cocaina","status":"publish","type":"post","link":"https:\/\/vocesdebaires.com.ar\/index.php\/2020\/05\/27\/floresta-detuvieron-a-un-hombre-con-cocaina\/","title":{"rendered":"Floresta: Detuvieron a un hombre con coca\u00edna"},"content":{"rendered":"<p>En un allanamiento posterior en el domicilio del imputado se secuestraron m\u00e1s de 79 mil pesos, adem\u00e1s de 1.900 d\u00f3lares y euros, supuestamente producto de la venta de la droga. La detenci\u00f3n estuvo a cargo de personal de la Divisi\u00f3n Precursores Qu\u00edmicos de la Polic\u00eda de la Ciudad, tras observar un autom\u00f3vil Volkswagen Gol ,cuyo conductor manejaba de manera imprudente por la avenida Juan B. Justo al 6900.  Los oficiales lo demoraron y le pidieron la autorizaci\u00f3n para circular pertinente. El hombre, de 50 a\u00f1os, se mostr\u00f3 muy nervioso, al tiempo que no contaba con el permiso para circular en cuarentena, adem\u00e1s de tener la licencia de conducir vencida.<\/p>\n<p>Con la presencia de dos testigos, los polic\u00edas requisaron al hombre, encontrando dentro del auto un ladrillo de coca\u00edna de m\u00e1s de un kilo (1.041 gramos), que tiene un valor en el mercado cercano a los 6.500 d\u00f3lares, una libreta con anotaciones de compradores, dos tel\u00e9fonos celulares y 8.060 pesos en efectivo. Al consultar con la Fiscal\u00eda Penal, Contravencional y de Faltas N\u00famero 24, a cargo del doctor Rodrigo Pagano Mata y ante la Secretar\u00eda del doctor Marcelo Muscillo, se dispuso la detenci\u00f3n del hombre, el secuestro del material encontrado y su traslado a la Alcaid\u00eda de la Polic\u00eda de la Ciudad.<\/p>\n<p>Horas despu\u00e9s el fiscal solicit\u00f3 un allanamiento que fue otorgado por el Juzgado Penal, Contravencional y de Faltas nro. 18, a cargo del Dr. Ricardo F\u00e9lix Baldomar, en el domicilio del imputado, en Ibarrola al 7000, en el barrio de Liniers. All\u00ed personal de la Divisi\u00f3n Precursores Qu\u00edmicos accedi\u00f3 sin resistencia al inmueble, identific\u00f3 a las cuatro personas mayores que all\u00ed se encontraban, y secuestr\u00f3 79.400 pesos, 1.900 d\u00f3lares, 100 euros, cinco tel\u00e9fonos celulares y una notebook para incorporarlos a la causa judicial.<\/p>\n","protected":false},"excerpt":{"rendered":"<p>En un allanamiento posterior en el domicilio del imputado se secuestraron m\u00e1s de 79 mil pesos, adem\u00e1s de 1.900 d\u00f3lares y euros, supuestamente producto de la venta de la droga. La detenci\u00f3n estuvo a cargo de personal de la Divisi\u00f3n Precursores Qu\u00edmicos de la Polic\u00eda de la Ciudad, tras observar un autom\u00f3vil Volkswagen Gol ,cuyo [&hellip;]<\/p>\n","protected":false},"author":1,"featured_media":2349,"comment_status":"open","ping_status":"open","sticky":false,"template":"","format":"standard","meta":{"_et_pb_use_builder":"","_et_pb_old_content":"","_et_gb_content_width":"","footnotes":""},"categories":[11,32],"tags":[],"class_list":["post-2348","post","type-post","status-publish","format-standard","has-post-thumbnail","hentry","category-ciudad","category-comunas"],"_links":{"self":[{"href":"https:\/\/vocesdebaires.com.ar\/index.php\/wp-json\/wp\/v2\/posts\/2348"}],"collection":[{"href":"https:\/\/vocesdebaires.com.ar\/index.php\/wp-json\/wp\/v2\/posts"}],"about":[{"href":"https:\/\/vocesdebaires.com.ar\/index.php\/wp-json\/wp\/v2\/types\/post"}],"author":[{"embeddable":true,"href":"https:\/\/vocesdebaires.com.ar\/index.php\/wp-json\/wp\/v2\/users\/1"}],"replies":[{"embeddable":true,"href":"https:\/\/vocesdebaires.com.ar\/index.php\/wp-json\/wp\/v2\/comments?post=2348"}],"version-history":[{"count":0,"href":"https:\/\/vocesdebaires.com.ar\/index.php\/wp-json\/wp\/v2\/posts\/2348\/revisions"}],"wp:featuredmedia":[{"embeddable":true,"href":"https:\/\/vocesdebaires.com.ar\/index.php\/wp-json\/wp\/v2\/media\/2349"}],"wp:attachment":[{"href":"https:\/\/vocesdebaires.com.ar\/index.php\/wp-json\/wp\/v2\/media?parent=2348"}],"wp:term":[{"taxonomy":"category","embeddable":true,"href":"https:\/\/vocesdebaires.com.ar\/index.php\/wp-json\/wp\/v2\/categories?post=2348"},{"taxonomy":"post_tag","embeddable":true,"href":"https:\/\/vocesdebaires.com.ar\/index.php\/wp-json\/wp\/v2\/tags?post=2348"}],"curies":[{"name":"wp","href":"https:\/\/api.w.org\/{rel}","templated":true}]}}