{"id":2350,"date":"2020-05-27T03:00:00","date_gmt":"2020-05-27T06:00:00","guid":{"rendered":"http:\/\/vocesdebaires.com.ar\/wordpress\/index.php\/2020\/05\/27\/restringenactividad-comercial-en-zonas\/"},"modified":"2020-05-27T03:00:00","modified_gmt":"2020-05-27T06:00:00","slug":"restringenactividad-comercial-en-zonas","status":"publish","type":"post","link":"https:\/\/vocesdebaires.com.ar\/index.php\/2020\/05\/27\/restringenactividad-comercial-en-zonas\/","title":{"rendered":"Restringen:Actividad comercial en zonas"},"content":{"rendered":"<p>Para evitar aglomeraciones se restringe la actividad comercial en las zonas m\u00e1s transitadas y se limita el comercio solamente a los negocios esenciales. Es en las zonas que representan el 80% de la aglomeraci\u00f3n de gente en la Ciudad, como Once, Av. Avellaneda o la zona de Scalabrini Ortiz y C\u00f3rdoba. Se mantiene el comercio barrial, el de cercan\u00eda, al que se puede llegar caminando.<\/p>\n<p>Estos son los ejes comerciales y centros de trasbordo involucrados en la restricci\u00f3n:<br \/>Microcentro, pol\u00edgono entre Av. Leandro N. Alem, Rivadavia, Carlos Pellegrini y Av. Santa Fe.<\/p>\n<p>Once, pol\u00edgono entre Av. Rivadavia, Boulogne Sur Mer, Lavalle y Larrea.<\/p>\n<p>Av. Avellaneda, entre Bah\u00eda Blanca y Terrada.<\/p>\n<p>Av. Belgrano, entre Jujuy y Entre R\u00edos.<\/p>\n<p>Av. Boedo, San Juan y Pav\u00f3n.<\/p>\n<p>Av. Cabildo, entre Maure y C\u00e9spedes.<\/p>\n<p>Av. C\u00f3rdoba, entre Lavalleja y Thames.<\/p>\n<p>Av. Jujuy, entre Cochabamba y Juan de Garay.<\/p>\n<p>Av. Santa Fe, entre Cerrito y Uriburu.<\/p>\n<p>Av. Callao, entre Marcelo T. de Alvear y Arenales.<\/p>\n<p>Av. Santa Fe, entre Uriburu y Laprida.<\/p>\n<p>Av. Pueyrred\u00f3n, entre Arenales y Marcelo T. de Alvear.<\/p>\n<p>Av. Santa Fe, entre S\u00e1nchez de Bustamante y Jer\u00f3nimo Salguero.<\/p>\n<p>Av. Coronel D\u00edaz, entre Beruti y G\u00fcemes<\/p>\n<p>Av. Scalabrini Ortiz, entre Lerma y Jos\u00e9 A. Cabrera.<\/p>\n<p>Av. Scalabrini Ortiz, entre Aguirre y Camargo.<\/p>\n<p>Calle Aguirre, entre Scalabrini Ortiz y Thames.<\/p>\n<p>Calle Libertad, entre Rivadavia y Lavalle.<\/p>\n<p>Calle Paran\u00e1, entre Rivadavia y Lavalle.<\/p>\n<p>Av. Cabildo, entre Virrey del Pino y Olaz\u00e1bal.<\/p>\n<p>Av. Corrientes, entre Juli\u00e1n \u00c1lvarez y Acevedo.<\/p>\n<p>Av. Corrientes, entre Cerrito y Boulogne Sur Mer.<\/p>\n<p>Centro de trasbordo estaciones de Retiro, Av. Dr. Jos\u00e9 Ramos Mej\u00eda, entre Av. del Libertador y Av. Ant\u00e1rtida Argentina.<\/p>\n<p>Centro de trasbordo estaci\u00f3n Plaza Constituci\u00f3n, pol\u00edgono entre Lima Este, Brasil, Lima, O\u2019Brien, Santiago del Estero y Constituci\u00f3n.<\/p>\n<p>Centro de trasbordo estaci\u00f3n Plaza Once, Av. Rivadavia entre Av. Pueyrred\u00f3n y Jean Jaures, Avenida Pueyrred\u00f3n entre Avenida Rivadavia y Bartolom\u00e9 Mitre, y Av. Jujuy entre Av. Rivadavia e Hip\u00f3lito Yrigoyen.<\/p>\n<p>Centro de trasbordo estaci\u00f3n Chacarita, Av. Corrientes entre Federico Lacroze y Maure, y Federico Lacroze entre Av. Corrientes y Av. Forest.<\/p>\n<p>Centro de trasbordo Plaza Italia \u2013 Pac\u00edfico, Av. Santa Fe entre Gurruchaga y Av. Juan B. Justo.<\/p>\n<p>Centro de trasbordo estaci\u00f3n Liniers, Av. Rivadavia entre Timoteo Gordillo y Av. General Paz.<\/p>\n","protected":false},"excerpt":{"rendered":"<p>Para evitar aglomeraciones se restringe la actividad comercial en las zonas m\u00e1s transitadas y se limita el comercio solamente a los negocios esenciales. Es en las zonas que representan el 80% de la aglomeraci\u00f3n de gente en la Ciudad, como Once, Av. Avellaneda o la zona de Scalabrini Ortiz y C\u00f3rdoba. Se mantiene el comercio [&hellip;]<\/p>\n","protected":false},"author":1,"featured_media":2351,"comment_status":"open","ping_status":"open","sticky":false,"template":"","format":"standard","meta":{"_et_pb_use_builder":"","_et_pb_old_content":"","_et_gb_content_width":"","footnotes":""},"categories":[11,33],"tags":[],"class_list":["post-2350","post","type-post","status-publish","format-standard","has-post-thumbnail","hentry","category-ciudad","category-sociedad-y-cultura-2"],"_links":{"self":[{"href":"https:\/\/vocesdebaires.com.ar\/index.php\/wp-json\/wp\/v2\/posts\/2350"}],"collection":[{"href":"https:\/\/vocesdebaires.com.ar\/index.php\/wp-json\/wp\/v2\/posts"}],"about":[{"href":"https:\/\/vocesdebaires.com.ar\/index.php\/wp-json\/wp\/v2\/types\/post"}],"author":[{"embeddable":true,"href":"https:\/\/vocesdebaires.com.ar\/index.php\/wp-json\/wp\/v2\/users\/1"}],"replies":[{"embeddable":true,"href":"https:\/\/vocesdebaires.com.ar\/index.php\/wp-json\/wp\/v2\/comments?post=2350"}],"version-history":[{"count":0,"href":"https:\/\/vocesdebaires.com.ar\/index.php\/wp-json\/wp\/v2\/posts\/2350\/revisions"}],"wp:featuredmedia":[{"embeddable":true,"href":"https:\/\/vocesdebaires.com.ar\/index.php\/wp-json\/wp\/v2\/media\/2351"}],"wp:attachment":[{"href":"https:\/\/vocesdebaires.com.ar\/index.php\/wp-json\/wp\/v2\/media?parent=2350"}],"wp:term":[{"taxonomy":"category","embeddable":true,"href":"https:\/\/vocesdebaires.com.ar\/index.php\/wp-json\/wp\/v2\/categories?post=2350"},{"taxonomy":"post_tag","embeddable":true,"href":"https:\/\/vocesdebaires.com.ar\/index.php\/wp-json\/wp\/v2\/tags?post=2350"}],"curies":[{"name":"wp","href":"https:\/\/api.w.org\/{rel}","templated":true}]}}