{"id":23511,"date":"2014-06-03T13:34:33","date_gmt":"2014-06-03T16:34:33","guid":{"rendered":"http:\/\/vocesdebaires.com.ar\/wordpress\/index.php\/2014\/06\/03\/macri-asistio-a-un-festival-infantil-con-chicos\/"},"modified":"2014-06-03T13:34:33","modified_gmt":"2014-06-03T16:34:33","slug":"macri-asistio-a-un-festival-infantil-con-chicos","status":"publish","type":"post","link":"https:\/\/vocesdebaires.com.ar\/index.php\/2014\/06\/03\/macri-asistio-a-un-festival-infantil-con-chicos\/","title":{"rendered":"Macri asisti\u00f3 a un festival infantil con chicos"},"content":{"rendered":"<p><span style=\"line-height: 1.3em;\">El jefe de Gobierno de la Ciudad de Buenos Aires, Mauricio Macri, asisti\u00f3 a un festival infantil que convoc\u00f3 a chicos que asisten a las Juegotecas Barriales porte\u00f1as y destac\u00f3 la importancia de que los ni\u00f1os tengan acceso \u201ca \u00a0la diversi\u00f3n y al entretenimiento como parte de su sano crecimiento y desarrollo integral\u201d. <\/span><span style=\"line-height: 1.3em;\">Durante el evento, adem\u00e1s de compartir distintos juegos y actividades art\u00edsticas, los chicos presenciaron un show a cargo del grupo de m\u00fasicos del programa de juegotecas \u201cTodo Listo\u201d, quienes est\u00e1n grabando un disco que ser\u00e1 presentado en la Feria del Libro Infantil.<\/span><\/p>\n<p><span style=\"line-height: 1.3em;\">Macri estuvo en el festival, realizado en el sal\u00f3n de actos del Hogar Rawson en Parque Patricios, junto al \u00a0jefe de Gabinete porte\u00f1o, Horacio Rodr\u00edguez Larreta, y \u00a0la ministra de Desarrollo Social, Carolina Stanley.<\/span><span style=\"line-height: 1.3em;\">Las Juegotecas Barriales forman parte de un programa destinado a ni\u00f1os entre 2 y 13 a\u00f1os, que tiene como objetivo central contribuir a su desarrollo integral desde el abordaje particular de la actividad l\u00fadica creativa.<\/span><span style=\"line-height: 1.3em;\">En el \u00e1mbito de la Ciudad funcionan 21 juegotecas que reciben mensualmente a cerca de 1.300 chicos.<\/span><\/p>\n","protected":false},"excerpt":{"rendered":"<p>El jefe de Gobierno de la Ciudad de Buenos Aires, Mauricio Macri, asisti\u00f3 a un festival infantil que convoc\u00f3 a chicos que asisten a las Juegotecas Barriales porte\u00f1as y destac\u00f3 la importancia de que los ni\u00f1os tengan acceso \u201ca \u00a0la diversi\u00f3n y al entretenimiento como parte de su sano crecimiento y desarrollo integral\u201d. Durante el [&hellip;]<\/p>\n","protected":false},"author":2,"featured_media":23512,"comment_status":"open","ping_status":"open","sticky":false,"template":"","format":"standard","meta":{"_et_pb_use_builder":"","_et_pb_old_content":"","_et_gb_content_width":"","footnotes":""},"categories":[11,44],"tags":[],"class_list":["post-23511","post","type-post","status-publish","format-standard","has-post-thumbnail","hentry","category-ciudad","category-funcionarios-de-la-caba"],"_links":{"self":[{"href":"https:\/\/vocesdebaires.com.ar\/index.php\/wp-json\/wp\/v2\/posts\/23511"}],"collection":[{"href":"https:\/\/vocesdebaires.com.ar\/index.php\/wp-json\/wp\/v2\/posts"}],"about":[{"href":"https:\/\/vocesdebaires.com.ar\/index.php\/wp-json\/wp\/v2\/types\/post"}],"author":[{"embeddable":true,"href":"https:\/\/vocesdebaires.com.ar\/index.php\/wp-json\/wp\/v2\/users\/2"}],"replies":[{"embeddable":true,"href":"https:\/\/vocesdebaires.com.ar\/index.php\/wp-json\/wp\/v2\/comments?post=23511"}],"version-history":[{"count":0,"href":"https:\/\/vocesdebaires.com.ar\/index.php\/wp-json\/wp\/v2\/posts\/23511\/revisions"}],"wp:featuredmedia":[{"embeddable":true,"href":"https:\/\/vocesdebaires.com.ar\/index.php\/wp-json\/wp\/v2\/media\/23512"}],"wp:attachment":[{"href":"https:\/\/vocesdebaires.com.ar\/index.php\/wp-json\/wp\/v2\/media?parent=23511"}],"wp:term":[{"taxonomy":"category","embeddable":true,"href":"https:\/\/vocesdebaires.com.ar\/index.php\/wp-json\/wp\/v2\/categories?post=23511"},{"taxonomy":"post_tag","embeddable":true,"href":"https:\/\/vocesdebaires.com.ar\/index.php\/wp-json\/wp\/v2\/tags?post=23511"}],"curies":[{"name":"wp","href":"https:\/\/api.w.org\/{rel}","templated":true}]}}