{"id":23525,"date":"2014-06-05T19:33:51","date_gmt":"2014-06-05T22:33:51","guid":{"rendered":"http:\/\/vocesdebaires.com.ar\/wordpress\/index.php\/2014\/06\/05\/ensanche-de-la-calle-del-barco-centenera\/"},"modified":"2014-06-05T19:33:51","modified_gmt":"2014-06-05T22:33:51","slug":"ensanche-de-la-calle-del-barco-centenera","status":"publish","type":"post","link":"https:\/\/vocesdebaires.com.ar\/index.php\/2014\/06\/05\/ensanche-de-la-calle-del-barco-centenera\/","title":{"rendered":"Ensanche de la calle Del Barco Centenera"},"content":{"rendered":"<p><span style=\"line-height: 1.3em;\">Con la aprobaci\u00f3n definitiva de una ley propuesta por el Jefe de Gobierno de la Ciudad, Mauricio Macri, se resolvi\u00f3 el ensanche de la calle Del Barco Centenera del barrio de caballito. Para este fin se afect\u00f3 una parcela de la manzana delimitada por la Av. Pedro Goyena y las calles Thompson, Jos\u00e9 Bonifacio y Del Barco Centenera, con frente en esta \u00faltima. <\/span><\/p>\n<p><span style=\"line-height: 1.3em;\">La iniciativa fue aprobada en segunda lectura con el objetivo de mejorar la circulaci\u00f3n en el marco del Plan Urbano Ambiental porte\u00f1o que promueve un sistema de trasporte sustentable que potencie la intermodalidad. El expediente cont\u00f3 con dictamen de la Comisi\u00f3n de Planeamiento Urbano, hab\u00eda obtenido aprobaci\u00f3n inicial el 28 de noviembre del a\u00f1o pasado y fue tratada en la correspondiente audiencia p\u00fablica el 1 de abril de este a\u00f1o sin recibir oposiciones.<\/span><\/p>\n<p>Adhesi\u00f3n al D\u00eda Mundial del Ambiente<\/p>\n<p>La Legislatura adhiri\u00f3 a trav\u00e9s de la aprobaci\u00f3n de una declaraci\u00f3n al D\u00eda Mundial del Medio ambiente que se celebra el d\u00eda 5 de junio de cada a\u00f1o. En ese sentido fueron presentados dos proyectos de la diputada Victoria Rold\u00e1n M\u00e9ndez (PRO) y del diputado Pablo Bergel (VA).<\/p>\n<p>La Asamblea General de la Organizaci\u00f3n de las Naciones Unidas estableci\u00f3 oficialmente, en el a\u00f1o 1972, el d\u00eda 5 de junio como el D\u00eda Mundial del Medio Ambiente. Fue en Estocolmo, Suecia, con motivo de la Conferencia Mundial sobre Medio Ambiente. En esa oportunidad tambi\u00e9n se aprob\u00f3 el Programa de las Naciones Unidas para el Medio Ambiente, la cual ten\u00eda por objetivo asistir a los pa\u00edses en la implementaci\u00f3n de pol\u00edticas medioambientales as\u00ed como el fomento del desarrollo sostenible.<\/p>\n<p><span style=\"line-height: 1.3em;\">Adhesi\u00f3n al D\u00eda del Periodista<\/span><\/p>\n<p>A trav\u00e9s de otra declaraci\u00f3n la Legislatura adhiri\u00f3 a la conmemoraci\u00f3n del \u00abD\u00eda del periodista\u00bb que se celebra el 7 de junio de cada a\u00f1o. Dos expedientes con este objetivo fueron presentados por el diputado Claudio Palmeyro (JP) y la diputada Mar\u00eda Rachid (FpV). Esta fecha conmemora el 7 de junio de 1810, cuando apareci\u00f3 el primer n\u00famero de \u00abGazeta de Buenos Ayres\u00bb, peri\u00f3dico fundado por Mariano Moreno. Posteriormente, en 1938 la misma fecha fue elegida por el Primer Congreso Nacional de Periodistas celebrado en C\u00f3rdoba, para celebrar el D\u00eda del Periodista.<\/p>\n","protected":false},"excerpt":{"rendered":"<p>Con la aprobaci\u00f3n definitiva de una ley propuesta por el Jefe de Gobierno de la Ciudad, Mauricio Macri, se resolvi\u00f3 el ensanche de la calle Del Barco Centenera del barrio de caballito. Para este fin se afect\u00f3 una parcela de la manzana delimitada por la Av. Pedro Goyena y las calles Thompson, Jos\u00e9 Bonifacio y [&hellip;]<\/p>\n","protected":false},"author":2,"featured_media":22703,"comment_status":"open","ping_status":"open","sticky":false,"template":"","format":"standard","meta":{"_et_pb_use_builder":"","_et_pb_old_content":"","_et_gb_content_width":"","footnotes":""},"categories":[11,44],"tags":[],"class_list":["post-23525","post","type-post","status-publish","format-standard","has-post-thumbnail","hentry","category-ciudad","category-funcionarios-de-la-caba"],"_links":{"self":[{"href":"https:\/\/vocesdebaires.com.ar\/index.php\/wp-json\/wp\/v2\/posts\/23525"}],"collection":[{"href":"https:\/\/vocesdebaires.com.ar\/index.php\/wp-json\/wp\/v2\/posts"}],"about":[{"href":"https:\/\/vocesdebaires.com.ar\/index.php\/wp-json\/wp\/v2\/types\/post"}],"author":[{"embeddable":true,"href":"https:\/\/vocesdebaires.com.ar\/index.php\/wp-json\/wp\/v2\/users\/2"}],"replies":[{"embeddable":true,"href":"https:\/\/vocesdebaires.com.ar\/index.php\/wp-json\/wp\/v2\/comments?post=23525"}],"version-history":[{"count":0,"href":"https:\/\/vocesdebaires.com.ar\/index.php\/wp-json\/wp\/v2\/posts\/23525\/revisions"}],"wp:featuredmedia":[{"embeddable":true,"href":"https:\/\/vocesdebaires.com.ar\/index.php\/wp-json\/wp\/v2\/media\/22703"}],"wp:attachment":[{"href":"https:\/\/vocesdebaires.com.ar\/index.php\/wp-json\/wp\/v2\/media?parent=23525"}],"wp:term":[{"taxonomy":"category","embeddable":true,"href":"https:\/\/vocesdebaires.com.ar\/index.php\/wp-json\/wp\/v2\/categories?post=23525"},{"taxonomy":"post_tag","embeddable":true,"href":"https:\/\/vocesdebaires.com.ar\/index.php\/wp-json\/wp\/v2\/tags?post=23525"}],"curies":[{"name":"wp","href":"https:\/\/api.w.org\/{rel}","templated":true}]}}