{"id":23526,"date":"2014-06-05T19:38:09","date_gmt":"2014-06-05T22:38:09","guid":{"rendered":"http:\/\/vocesdebaires.com.ar\/wordpress\/index.php\/2014\/06\/05\/juramento-de-nuevo-miembro-del-consejo-de-la-magistratura\/"},"modified":"2014-06-05T19:38:09","modified_gmt":"2014-06-05T22:38:09","slug":"juramento-de-nuevo-miembro-del-consejo-de-la-magistratura","status":"publish","type":"post","link":"https:\/\/vocesdebaires.com.ar\/index.php\/2014\/06\/05\/juramento-de-nuevo-miembro-del-consejo-de-la-magistratura\/","title":{"rendered":"Juramento de nuevo miembro del Consejo de la Magistratura"},"content":{"rendered":"<p><span style=\"line-height: 1.3em;\">La Sesi\u00f3n Ordinaria comenz\u00f3 a las 12:15 encabezada por la Presidenta de la Legislatura y Vicejefa de Gobierno, Mar\u00eda Eugenia Vidal. Por Secretar\u00eda Parlamentaria se ley\u00f3 una nota del Presidente del Consejo de la Magistratura Dr. Juan Manuel Olmos comunicando que fue aceptada la renuncia de uno de sus titulares, el Dr. Gustavo Adolfo Letner y se tom\u00f3 juramento a su sucesor, Dr. Jos\u00e9 Saez Capel, seg\u00fan la correspondiente resoluci\u00f3n de la Junta Electoral y en cumplimiento de lo prescripto por la Constituci\u00f3n de la Ciudad de Buenos Aires. El acto se desarroll\u00f3 en presencia del Dr. Olmos y del Presidente del Tribunal Superior de Justicia, Dr. Luis Francisco Lozano, entre otros altos funcionarios de la justicia porte\u00f1a.<\/span><\/p>\n<p><span style=\"line-height: 1.3em;\">Foto : Jura del nuevo titular del Consejo de la Magistratura de la ciudad, Dr. Jos\u00e9 Saez Capel<\/span><\/p>\n","protected":false},"excerpt":{"rendered":"<p>La Sesi\u00f3n Ordinaria comenz\u00f3 a las 12:15 encabezada por la Presidenta de la Legislatura y Vicejefa de Gobierno, Mar\u00eda Eugenia Vidal. Por Secretar\u00eda Parlamentaria se ley\u00f3 una nota del Presidente del Consejo de la Magistratura Dr. Juan Manuel Olmos comunicando que fue aceptada la renuncia de uno de sus titulares, el Dr. Gustavo Adolfo Letner [&hellip;]<\/p>\n","protected":false},"author":2,"featured_media":23527,"comment_status":"open","ping_status":"open","sticky":false,"template":"","format":"standard","meta":{"_et_pb_use_builder":"","_et_pb_old_content":"","_et_gb_content_width":"","footnotes":""},"categories":[11,44],"tags":[],"class_list":["post-23526","post","type-post","status-publish","format-standard","has-post-thumbnail","hentry","category-ciudad","category-funcionarios-de-la-caba"],"_links":{"self":[{"href":"https:\/\/vocesdebaires.com.ar\/index.php\/wp-json\/wp\/v2\/posts\/23526"}],"collection":[{"href":"https:\/\/vocesdebaires.com.ar\/index.php\/wp-json\/wp\/v2\/posts"}],"about":[{"href":"https:\/\/vocesdebaires.com.ar\/index.php\/wp-json\/wp\/v2\/types\/post"}],"author":[{"embeddable":true,"href":"https:\/\/vocesdebaires.com.ar\/index.php\/wp-json\/wp\/v2\/users\/2"}],"replies":[{"embeddable":true,"href":"https:\/\/vocesdebaires.com.ar\/index.php\/wp-json\/wp\/v2\/comments?post=23526"}],"version-history":[{"count":0,"href":"https:\/\/vocesdebaires.com.ar\/index.php\/wp-json\/wp\/v2\/posts\/23526\/revisions"}],"wp:featuredmedia":[{"embeddable":true,"href":"https:\/\/vocesdebaires.com.ar\/index.php\/wp-json\/wp\/v2\/media\/23527"}],"wp:attachment":[{"href":"https:\/\/vocesdebaires.com.ar\/index.php\/wp-json\/wp\/v2\/media?parent=23526"}],"wp:term":[{"taxonomy":"category","embeddable":true,"href":"https:\/\/vocesdebaires.com.ar\/index.php\/wp-json\/wp\/v2\/categories?post=23526"},{"taxonomy":"post_tag","embeddable":true,"href":"https:\/\/vocesdebaires.com.ar\/index.php\/wp-json\/wp\/v2\/tags?post=23526"}],"curies":[{"name":"wp","href":"https:\/\/api.w.org\/{rel}","templated":true}]}}