{"id":23572,"date":"2014-06-11T18:06:10","date_gmt":"2014-06-11T21:06:10","guid":{"rendered":"http:\/\/vocesdebaires.com.ar\/wordpress\/index.php\/2014\/06\/11\/vidal-convoco-a-jovenes-emprendedores-3\/"},"modified":"2014-06-11T18:06:10","modified_gmt":"2014-06-11T21:06:10","slug":"vidal-convoco-a-jovenes-emprendedores-3","status":"publish","type":"post","link":"https:\/\/vocesdebaires.com.ar\/index.php\/2014\/06\/11\/vidal-convoco-a-jovenes-emprendedores-3\/","title":{"rendered":"Vidal convoc\u00f3 a j\u00f3venes emprendedores"},"content":{"rendered":"<p><span style=\"line-height: 1.3em;\">La vicejefa de la Ciudad, Mar\u00eda Eugenia Vidal, present\u00f3 oficialmente el concurso \u201cVos lo hac\u00e9s\u201d, un certamen que convoca a j\u00f3venes de 16 a 35 a\u00f1os para que presenten proyectos innovadores capaces de resolver desaf\u00edos sociales en el \u00e1rea metropolitana. La convocatoria est\u00e1 abierta hasta el 23 de junio.<\/span><span style=\"line-height: 1.3em;\">\u201cCon este concurso estamos ofreciendo un espacio para j\u00f3venes con vocaci\u00f3n de servicio y con ganas de hacer un cambio por su comunidad\u201d, destac\u00f3 Vidal en la presentaci\u00f3n del certamen que se realiz\u00f3 en el Museo de Arte Moderno de Buenos Aires.<\/span><\/p>\n<p><span style=\"line-height: 1.3em;\">\u201cUna ciudad no la hacen s\u00f3lo los que gobiernan. Nosotros somos parte de un equipo junto con la gente\u201d, sostuvo la vicejefa. \u201cEn este caso, invitamos a participar a los m\u00e1s j\u00f3venes, a quienes viven la ciudad todos los d\u00edas, a presentar sus proyectos sociales y ser parte de un cambio verdadero.\u201d<\/span><span style=\"line-height: 1.3em;\">Vidal estuvo acompa\u00f1ada por Andy Freire, referente local del emprendedorismo y socio referente de esta iniciativa; y por Diego Scott, presentador oficial de los spots de difusi\u00f3n del certamen.<\/span><\/p>\n<p><span style=\"line-height: 1.3em;\">\u201cEl concurso es un buen ejemplo de c\u00f3mo articular el mundo de las ONGs, el gobierno y los vecinos\u201d, remarc\u00f3 Freire. \u201cEl gobierno de la ciudad defini\u00f3 las cuatro tem\u00e1ticas de los proyectos a presentar: Verde, Comunidad, Noche e Inclusi\u00f3n. Y convoc\u00f3 a los vecinos para que digan qu\u00e9 quieren hacer. Ya hay m\u00e1s de 20 ONGs involucradas que ayudar\u00e1n a los emprendedores que se postulen\u201d, explic\u00f3.<\/span><span style=\"line-height: 1.3em;\">\u201cTodos los j\u00f3venes que se anoten hasta el 23 de junio ya participan porque habr\u00e1 jornadas de co-creaci\u00f3n\u201d, agreg\u00f3 Freire. \u201cEn ellas podr\u00e1n asociarse con otros creadores para pensar juntos c\u00f3mo mejorar las ideas y formar equipos de trabajo con gente con diferentes habilidades\u201d.<\/span><span style=\"line-height: 1.3em;\">Los ganadores del concurso, que lleva como lema \u201cA eso que propon\u00e9s, hacelo realidad\u201d, llevar\u00e1n adelante sus ideas con apoyo, capacitaci\u00f3n y financiamiento del gobierno porte\u00f1o.<\/span><\/p>\n<p><span style=\"line-height: 1.3em;\">Las bases y condiciones pueden consultarse en www.voslohaces.buenosaires.gob.ar. <\/span><\/p>\n","protected":false},"excerpt":{"rendered":"<p>La vicejefa de la Ciudad, Mar\u00eda Eugenia Vidal, present\u00f3 oficialmente el concurso \u201cVos lo hac\u00e9s\u201d, un certamen que convoca a j\u00f3venes de 16 a 35 a\u00f1os para que presenten proyectos innovadores capaces de resolver desaf\u00edos sociales en el \u00e1rea metropolitana. La convocatoria est\u00e1 abierta hasta el 23 de junio.\u201cCon este concurso estamos ofreciendo un espacio [&hellip;]<\/p>\n","protected":false},"author":2,"featured_media":23573,"comment_status":"open","ping_status":"open","sticky":false,"template":"","format":"standard","meta":{"_et_pb_use_builder":"","_et_pb_old_content":"","_et_gb_content_width":"","footnotes":""},"categories":[11,44],"tags":[],"class_list":["post-23572","post","type-post","status-publish","format-standard","has-post-thumbnail","hentry","category-ciudad","category-funcionarios-de-la-caba"],"_links":{"self":[{"href":"https:\/\/vocesdebaires.com.ar\/index.php\/wp-json\/wp\/v2\/posts\/23572"}],"collection":[{"href":"https:\/\/vocesdebaires.com.ar\/index.php\/wp-json\/wp\/v2\/posts"}],"about":[{"href":"https:\/\/vocesdebaires.com.ar\/index.php\/wp-json\/wp\/v2\/types\/post"}],"author":[{"embeddable":true,"href":"https:\/\/vocesdebaires.com.ar\/index.php\/wp-json\/wp\/v2\/users\/2"}],"replies":[{"embeddable":true,"href":"https:\/\/vocesdebaires.com.ar\/index.php\/wp-json\/wp\/v2\/comments?post=23572"}],"version-history":[{"count":0,"href":"https:\/\/vocesdebaires.com.ar\/index.php\/wp-json\/wp\/v2\/posts\/23572\/revisions"}],"wp:featuredmedia":[{"embeddable":true,"href":"https:\/\/vocesdebaires.com.ar\/index.php\/wp-json\/wp\/v2\/media\/23573"}],"wp:attachment":[{"href":"https:\/\/vocesdebaires.com.ar\/index.php\/wp-json\/wp\/v2\/media?parent=23572"}],"wp:term":[{"taxonomy":"category","embeddable":true,"href":"https:\/\/vocesdebaires.com.ar\/index.php\/wp-json\/wp\/v2\/categories?post=23572"},{"taxonomy":"post_tag","embeddable":true,"href":"https:\/\/vocesdebaires.com.ar\/index.php\/wp-json\/wp\/v2\/tags?post=23572"}],"curies":[{"name":"wp","href":"https:\/\/api.w.org\/{rel}","templated":true}]}}