{"id":23578,"date":"2014-06-12T13:06:36","date_gmt":"2014-06-12T16:06:36","guid":{"rendered":"http:\/\/vocesdebaires.com.ar\/wordpress\/index.php\/2014\/06\/12\/caso-boudou-para-argentina-seria-importante-que-se-aclare\/"},"modified":"2014-06-12T13:06:36","modified_gmt":"2014-06-12T16:06:36","slug":"caso-boudou-para-argentina-seria-importante-que-se-aclare","status":"publish","type":"post","link":"https:\/\/vocesdebaires.com.ar\/index.php\/2014\/06\/12\/caso-boudou-para-argentina-seria-importante-que-se-aclare\/","title":{"rendered":"Caso Boudou: Para Argentina seria importante que se aclare"},"content":{"rendered":"<p><span style=\"line-height: 1.3em;\">La vicejefa del gobierno \u00a0porte\u00f1o, Mar\u00eda Eugenia Vidal, reiter\u00f3 que \u201clo mejor para la Argentina es que esto se aclare cuanto antes\u201d, en referencia a la causa iniciada contra el vicepresidente de la Naci\u00f3n, y asever\u00f3 que \u201csi Boudou realmente cree que es inocente, que no obstruya a la Justicia ni dilate el proceso\u201d.<\/span><span style=\"line-height: 1.3em;\">\u201cCorrupci\u00f3n hay en todos los lugares del mundo. Lo peor es la impunidad y la sensaci\u00f3n de que todo queda abierto y nunca se cierra\u201d, dijo Vidal esta ma\u00f1ana en declaraciones a radio La Red.<\/span><\/p>\n<p><span style=\"line-height: 1.3em;\">\u201cLa \u00fanica manera de que esto se aclare es que la Justicia act\u00fae en tiempo real. Los argentinos estamos muy acostumbrados a que se tarde a\u00f1os en saber lo que pas\u00f3 cuando los funcionarios ya no est\u00e1n en el poder\u201d, se\u00f1al\u00f3 la referente del PRO, quien pidi\u00f3 al vicepresidente acusado \u201cque no interponga recursos dilatorios y que deje que avance el proceso lo m\u00e1s r\u00e1pido posible para que se termine de aclarar todo antes que termine su mandato\u201d.<\/span><\/p>\n","protected":false},"excerpt":{"rendered":"<p>La vicejefa del gobierno \u00a0porte\u00f1o, Mar\u00eda Eugenia Vidal, reiter\u00f3 que \u201clo mejor para la Argentina es que esto se aclare cuanto antes\u201d, en referencia a la causa iniciada contra el vicepresidente de la Naci\u00f3n, y asever\u00f3 que \u201csi Boudou realmente cree que es inocente, que no obstruya a la Justicia ni dilate el proceso\u201d.\u201cCorrupci\u00f3n hay [&hellip;]<\/p>\n","protected":false},"author":2,"featured_media":17432,"comment_status":"open","ping_status":"open","sticky":false,"template":"","format":"standard","meta":{"_et_pb_use_builder":"","_et_pb_old_content":"","_et_gb_content_width":"","footnotes":""},"categories":[11,44],"tags":[],"class_list":["post-23578","post","type-post","status-publish","format-standard","has-post-thumbnail","hentry","category-ciudad","category-funcionarios-de-la-caba"],"_links":{"self":[{"href":"https:\/\/vocesdebaires.com.ar\/index.php\/wp-json\/wp\/v2\/posts\/23578"}],"collection":[{"href":"https:\/\/vocesdebaires.com.ar\/index.php\/wp-json\/wp\/v2\/posts"}],"about":[{"href":"https:\/\/vocesdebaires.com.ar\/index.php\/wp-json\/wp\/v2\/types\/post"}],"author":[{"embeddable":true,"href":"https:\/\/vocesdebaires.com.ar\/index.php\/wp-json\/wp\/v2\/users\/2"}],"replies":[{"embeddable":true,"href":"https:\/\/vocesdebaires.com.ar\/index.php\/wp-json\/wp\/v2\/comments?post=23578"}],"version-history":[{"count":0,"href":"https:\/\/vocesdebaires.com.ar\/index.php\/wp-json\/wp\/v2\/posts\/23578\/revisions"}],"wp:featuredmedia":[{"embeddable":true,"href":"https:\/\/vocesdebaires.com.ar\/index.php\/wp-json\/wp\/v2\/media\/17432"}],"wp:attachment":[{"href":"https:\/\/vocesdebaires.com.ar\/index.php\/wp-json\/wp\/v2\/media?parent=23578"}],"wp:term":[{"taxonomy":"category","embeddable":true,"href":"https:\/\/vocesdebaires.com.ar\/index.php\/wp-json\/wp\/v2\/categories?post=23578"},{"taxonomy":"post_tag","embeddable":true,"href":"https:\/\/vocesdebaires.com.ar\/index.php\/wp-json\/wp\/v2\/tags?post=23578"}],"curies":[{"name":"wp","href":"https:\/\/api.w.org\/{rel}","templated":true}]}}