{"id":2359,"date":"2020-05-26T03:00:00","date_gmt":"2020-05-26T06:00:00","guid":{"rendered":"http:\/\/vocesdebaires.com.ar\/wordpress\/index.php\/2020\/05\/26\/barrios-vulnerables-se-refuerza-el-trabajo-sanitario\/"},"modified":"2020-05-26T03:00:00","modified_gmt":"2020-05-26T06:00:00","slug":"barrios-vulnerables-se-refuerza-el-trabajo-sanitario","status":"publish","type":"post","link":"https:\/\/vocesdebaires.com.ar\/index.php\/2020\/05\/26\/barrios-vulnerables-se-refuerza-el-trabajo-sanitario\/","title":{"rendered":"Barrios vulnerables: Se refuerza el trabajo sanitario"},"content":{"rendered":"<p>Se triplican las postas de prevenci\u00f3n comunitaria para identificar r\u00e1pidamente las personas con fiebre y derivarlas al sistema de salud. Pasamos de 15 a 50 en las entradas y salidas de los barrios. C\u00e1maras t\u00e9rmicas que tienen la capacidad de medirle la fiebre a mucha gente a la vez. Refuerzo de todas las medidas de prevenci\u00f3n de higiene y desinfecci\u00f3n en el espacio p\u00fablico. Y trabajamos para seguir garantizando la asistencia alimentaria. Tenemos aproximadamente 1.200 personas de los barrios vulnerables en aislamiento en hoteles. Y se est\u00e1 ampliando la capacidad d\u00eda a d\u00eda.<\/p>\n<p>Esta semana estamos poniendo en funcionamiento el mayor centro de Aislamiento de la Ciudad, en Costa Salguero, con una capacidad de 700 camas. Tambi\u00e9n, con el aporte del Gobierno nacional, desde el lunes se abre la Terminal de Cruceros como un centro de testeo para casos leves y para que la gente espere el resultado del test, que luego ser\u00e1n derivados a los hoteles.Y lo m\u00e1s importante: la decisi\u00f3n es seguir testeando. Hace unos d\u00edas el Presidente present\u00f3 un test nacional que va a ayudar a detectar m\u00e1s r\u00e1pido a las personas contagiadas. Salidas saludables con chicas o chicos los fines de semana se mantienen.<\/p>\n","protected":false},"excerpt":{"rendered":"<p>Se triplican las postas de prevenci\u00f3n comunitaria para identificar r\u00e1pidamente las personas con fiebre y derivarlas al sistema de salud. Pasamos de 15 a 50 en las entradas y salidas de los barrios. C\u00e1maras t\u00e9rmicas que tienen la capacidad de medirle la fiebre a mucha gente a la vez. Refuerzo de todas las medidas de [&hellip;]<\/p>\n","protected":false},"author":1,"featured_media":2360,"comment_status":"open","ping_status":"open","sticky":false,"template":"","format":"standard","meta":{"_et_pb_use_builder":"","_et_pb_old_content":"","_et_gb_content_width":"","footnotes":""},"categories":[11,32],"tags":[],"class_list":["post-2359","post","type-post","status-publish","format-standard","has-post-thumbnail","hentry","category-ciudad","category-comunas"],"_links":{"self":[{"href":"https:\/\/vocesdebaires.com.ar\/index.php\/wp-json\/wp\/v2\/posts\/2359"}],"collection":[{"href":"https:\/\/vocesdebaires.com.ar\/index.php\/wp-json\/wp\/v2\/posts"}],"about":[{"href":"https:\/\/vocesdebaires.com.ar\/index.php\/wp-json\/wp\/v2\/types\/post"}],"author":[{"embeddable":true,"href":"https:\/\/vocesdebaires.com.ar\/index.php\/wp-json\/wp\/v2\/users\/1"}],"replies":[{"embeddable":true,"href":"https:\/\/vocesdebaires.com.ar\/index.php\/wp-json\/wp\/v2\/comments?post=2359"}],"version-history":[{"count":0,"href":"https:\/\/vocesdebaires.com.ar\/index.php\/wp-json\/wp\/v2\/posts\/2359\/revisions"}],"wp:featuredmedia":[{"embeddable":true,"href":"https:\/\/vocesdebaires.com.ar\/index.php\/wp-json\/wp\/v2\/media\/2360"}],"wp:attachment":[{"href":"https:\/\/vocesdebaires.com.ar\/index.php\/wp-json\/wp\/v2\/media?parent=2359"}],"wp:term":[{"taxonomy":"category","embeddable":true,"href":"https:\/\/vocesdebaires.com.ar\/index.php\/wp-json\/wp\/v2\/categories?post=2359"},{"taxonomy":"post_tag","embeddable":true,"href":"https:\/\/vocesdebaires.com.ar\/index.php\/wp-json\/wp\/v2\/tags?post=2359"}],"curies":[{"name":"wp","href":"https:\/\/api.w.org\/{rel}","templated":true}]}}