{"id":23592,"date":"2014-06-12T17:46:16","date_gmt":"2014-06-12T20:46:16","guid":{"rendered":"http:\/\/vocesdebaires.com.ar\/wordpress\/index.php\/2014\/06\/12\/foto-oficial-de-la-seleccion-argentina\/"},"modified":"2014-06-12T17:46:16","modified_gmt":"2014-06-12T20:46:16","slug":"foto-oficial-de-la-seleccion-argentina","status":"publish","type":"post","link":"https:\/\/vocesdebaires.com.ar\/index.php\/2014\/06\/12\/foto-oficial-de-la-seleccion-argentina\/","title":{"rendered":"Foto oficial  de la Selecci\u00f3n Argentina"},"content":{"rendered":"<p><span style=\"line-height: 1.3em;\">A continuaci\u00f3n publicamos las fotos oficiales \u00a0del plantel de la Selecci\u00f3n Argentina que participar\u00e1 en la Copa del Mundo Brasil 2014. <\/span><\/p>\n<p>Fila superior, de izquierda a derecha: Alejandro Rol\u00f3n, m\u00e9dico, Hugo Campagnaro, Ricardo Alvarez, Federico Fern\u00e1ndez,<\/p>\n<p>Agust\u00edn Ori\u00f3n, Mariano And\u00fajar, Sergio Romero, Jos\u00e9 Basanta, Mart\u00edn Demichelis, Eduardo Gim\u00e9nez, auxiliar video an\u00e1lisis,<\/p>\n<p>Marcelo Ramos, auxiliar video an\u00e1lisis, Maximiliano Ledesma, utilero.<\/p>\n<p>Fila del medio: Rub\u00e9n Araguas, kinesi\u00f3go, Marcelo D-Andrea, fisioteraputa, Juan Cruz Souto, utiliero, Javier Mascherano,<\/p>\n<p>Enzo P\u00e9rez, Gonzalo Higua\u00edn, Marcos Rojo, Ezequiel Garay, Augusto Fern\u00e1ndez, Rodrigo Palacio, Daniel Mart\u00ednez, m\u00e9dico,<\/p>\n<p>Luis Garc\u00eda, kinesi\u00f3logo, Carlos Salvador Bilardo, Director de Selecciones Nacionales.<\/p>\n<p>Fila inferior: Juan Jos\u00e9 Romero, entrenador de arqueros, Pablo Blanco, preparador f\u00edsico, Lucas Biglia, Ezequiel Lavezzi,<\/p>\n<p>Angel Di Mar\u00eda, Lionel Messi, Alejandro Sabella, director t\u00e9cnico, Sergio Aguero, Maximiliano Rodr\u00edguez, Pablo Zabaleta,<\/p>\n<p>Fernando Gago, Juli\u00e1n Camino, ayudante t\u00e9cnico, Claudio Gugnali, ayudante t\u00e9cnico.<\/p>\n","protected":false},"excerpt":{"rendered":"<p>A continuaci\u00f3n publicamos las fotos oficiales \u00a0del plantel de la Selecci\u00f3n Argentina que participar\u00e1 en la Copa del Mundo Brasil 2014. Fila superior, de izquierda a derecha: Alejandro Rol\u00f3n, m\u00e9dico, Hugo Campagnaro, Ricardo Alvarez, Federico Fern\u00e1ndez, Agust\u00edn Ori\u00f3n, Mariano And\u00fajar, Sergio Romero, Jos\u00e9 Basanta, Mart\u00edn Demichelis, Eduardo Gim\u00e9nez, auxiliar video an\u00e1lisis, Marcelo Ramos, auxiliar video [&hellip;]<\/p>\n","protected":false},"author":2,"featured_media":23593,"comment_status":"open","ping_status":"open","sticky":false,"template":"","format":"standard","meta":{"_et_pb_use_builder":"","_et_pb_old_content":"","_et_gb_content_width":"","footnotes":""},"categories":[14,49],"tags":[],"class_list":["post-23592","post","type-post","status-publish","format-standard","has-post-thumbnail","hentry","category-deportes","category-seleccion-argentina-2"],"_links":{"self":[{"href":"https:\/\/vocesdebaires.com.ar\/index.php\/wp-json\/wp\/v2\/posts\/23592"}],"collection":[{"href":"https:\/\/vocesdebaires.com.ar\/index.php\/wp-json\/wp\/v2\/posts"}],"about":[{"href":"https:\/\/vocesdebaires.com.ar\/index.php\/wp-json\/wp\/v2\/types\/post"}],"author":[{"embeddable":true,"href":"https:\/\/vocesdebaires.com.ar\/index.php\/wp-json\/wp\/v2\/users\/2"}],"replies":[{"embeddable":true,"href":"https:\/\/vocesdebaires.com.ar\/index.php\/wp-json\/wp\/v2\/comments?post=23592"}],"version-history":[{"count":0,"href":"https:\/\/vocesdebaires.com.ar\/index.php\/wp-json\/wp\/v2\/posts\/23592\/revisions"}],"wp:featuredmedia":[{"embeddable":true,"href":"https:\/\/vocesdebaires.com.ar\/index.php\/wp-json\/wp\/v2\/media\/23593"}],"wp:attachment":[{"href":"https:\/\/vocesdebaires.com.ar\/index.php\/wp-json\/wp\/v2\/media?parent=23592"}],"wp:term":[{"taxonomy":"category","embeddable":true,"href":"https:\/\/vocesdebaires.com.ar\/index.php\/wp-json\/wp\/v2\/categories?post=23592"},{"taxonomy":"post_tag","embeddable":true,"href":"https:\/\/vocesdebaires.com.ar\/index.php\/wp-json\/wp\/v2\/tags?post=23592"}],"curies":[{"name":"wp","href":"https:\/\/api.w.org\/{rel}","templated":true}]}}