{"id":23594,"date":"2014-06-12T18:32:16","date_gmt":"2014-06-12T21:32:16","guid":{"rendered":"http:\/\/vocesdebaires.com.ar\/wordpress\/index.php\/2014\/06\/12\/brasil-viaje-de-los-dirigentes-de-la-afa-al-mundial\/"},"modified":"2014-06-12T18:32:16","modified_gmt":"2014-06-12T21:32:16","slug":"brasil-viaje-de-los-dirigentes-de-la-afa-al-mundial","status":"publish","type":"post","link":"https:\/\/vocesdebaires.com.ar\/index.php\/2014\/06\/12\/brasil-viaje-de-los-dirigentes-de-la-afa-al-mundial\/","title":{"rendered":"Brasil: Viaje de los Dirigentes de la AFA al Mundial"},"content":{"rendered":"<p><span style=\"line-height: 1.3em;\">Estas personas son dirigentes en representaci\u00f3n de todos los clubes de todas las categor\u00edas del F\u00fatbol Argentino, m\u00e1s de Futsal, F\u00fatbol Playa, F\u00fatbol Femenino, Selecciones Juveniles, Consejo Federal, Colegio de \u00c1rbitros, Tribunal de Disciplina y asesores.<\/span><span style=\"line-height: 1.3em;\">De tal manera, el domingo 15 de junio, el destino ser\u00e1 R\u00edo de Janeiro, el 21 de junio, Belo Horizonte, y el 25 de junio, Porto Alegre.<\/span><\/p>\n<p><span style=\"line-height: 1.3em;\">Aquellos Sres. Dirigentes o invitados que fueran acompa\u00f1ados en estos vuelos, pagar\u00e1n el ticket de la persona agregada -familiar directo, pariente o amigo- ajeno al cuadro dirigencial de la Asociaci\u00f3n del F\u00fatbol Argentino.<\/span><span style=\"line-height: 1.3em;\">La raz\u00f3n fundamental por la cual esta Instituci\u00f3n ha formulado este m\u00f3dulo de asistencia a partidos en Brasil 2014, es estrictamente econ\u00f3mica.<\/span><\/p>\n<p>Vale la pena aclarar que el monto que demanda este viaje se paga con una parte de lo que habr\u00e1 de percibir la Selecci\u00f3n Argentina por su participaci\u00f3n en la Copa del Mundo.\u00a0<span style=\"line-height: 1.3em;\">Respecto del devenir de viajes posteriores a la finalizaci\u00f3n de la etapa de clasificaci\u00f3n de Zona, ser\u00e1 programada, oportunamente, tras el conocimiento de los resultados deportivos.<\/span><\/p>\n<p><span style=\"line-height: 1.3em;\">Por \u00faltimo, resultar\u00eda innecesario justificar la raz\u00f3n de esta leg\u00edtima y merecida invitaci\u00f3n, por cuanto, gracias al trabajo de los dirigentes en cada uno de sus Clubes, tuvimos y tenemos una Selecci\u00f3n Argentina de F\u00fatbol disputando, protag\u00f3nicamente, un Campeonato Mundial.<\/span><\/p>\n","protected":false},"excerpt":{"rendered":"<p>Estas personas son dirigentes en representaci\u00f3n de todos los clubes de todas las categor\u00edas del F\u00fatbol Argentino, m\u00e1s de Futsal, F\u00fatbol Playa, F\u00fatbol Femenino, Selecciones Juveniles, Consejo Federal, Colegio de \u00c1rbitros, Tribunal de Disciplina y asesores.De tal manera, el domingo 15 de junio, el destino ser\u00e1 R\u00edo de Janeiro, el 21 de junio, Belo Horizonte, [&hellip;]<\/p>\n","protected":false},"author":2,"featured_media":23595,"comment_status":"open","ping_status":"open","sticky":false,"template":"","format":"standard","meta":{"_et_pb_use_builder":"","_et_pb_old_content":"","_et_gb_content_width":"","footnotes":""},"categories":[14,49],"tags":[],"class_list":["post-23594","post","type-post","status-publish","format-standard","has-post-thumbnail","hentry","category-deportes","category-seleccion-argentina-2"],"_links":{"self":[{"href":"https:\/\/vocesdebaires.com.ar\/index.php\/wp-json\/wp\/v2\/posts\/23594"}],"collection":[{"href":"https:\/\/vocesdebaires.com.ar\/index.php\/wp-json\/wp\/v2\/posts"}],"about":[{"href":"https:\/\/vocesdebaires.com.ar\/index.php\/wp-json\/wp\/v2\/types\/post"}],"author":[{"embeddable":true,"href":"https:\/\/vocesdebaires.com.ar\/index.php\/wp-json\/wp\/v2\/users\/2"}],"replies":[{"embeddable":true,"href":"https:\/\/vocesdebaires.com.ar\/index.php\/wp-json\/wp\/v2\/comments?post=23594"}],"version-history":[{"count":0,"href":"https:\/\/vocesdebaires.com.ar\/index.php\/wp-json\/wp\/v2\/posts\/23594\/revisions"}],"wp:featuredmedia":[{"embeddable":true,"href":"https:\/\/vocesdebaires.com.ar\/index.php\/wp-json\/wp\/v2\/media\/23595"}],"wp:attachment":[{"href":"https:\/\/vocesdebaires.com.ar\/index.php\/wp-json\/wp\/v2\/media?parent=23594"}],"wp:term":[{"taxonomy":"category","embeddable":true,"href":"https:\/\/vocesdebaires.com.ar\/index.php\/wp-json\/wp\/v2\/categories?post=23594"},{"taxonomy":"post_tag","embeddable":true,"href":"https:\/\/vocesdebaires.com.ar\/index.php\/wp-json\/wp\/v2\/tags?post=23594"}],"curies":[{"name":"wp","href":"https:\/\/api.w.org\/{rel}","templated":true}]}}