{"id":23596,"date":"2014-06-13T11:36:01","date_gmt":"2014-06-13T14:36:01","guid":{"rendered":"http:\/\/vocesdebaires.com.ar\/wordpress\/index.php\/2014\/06\/13\/vidal-califico-de-injustificado-al-paro-de-subtes\/"},"modified":"2014-06-13T11:36:01","modified_gmt":"2014-06-13T14:36:01","slug":"vidal-califico-de-injustificado-al-paro-de-subtes","status":"publish","type":"post","link":"https:\/\/vocesdebaires.com.ar\/index.php\/2014\/06\/13\/vidal-califico-de-injustificado-al-paro-de-subtes\/","title":{"rendered":"Vidal: Calific\u00f3 de \u201cinjustificado\u201d al paro de subtes"},"content":{"rendered":"<p><span style=\"line-height: 1.3em;\">La vicejefa de Gobierno de la Ciudad, Mar\u00eda Eugenia Vidal, calific\u00f3 de \u201cinjustificado\u201d al paro de subtes organizado por los metrodelegados y asegur\u00f3 que se est\u00e1 mejorando la seguridad para trabajadores y pasajeros de ese servicio.<\/span><\/p>\n<p><span style=\"line-height: 1.3em;\">\u201cEl paro es absolutamente injustificado, justo ahora que ha llegado la Polic\u00eda Metropolitana al subte, donde ya hay 400 efectivos que est\u00e1n trabajando all\u00ed m\u00e1s 100 que se van a sumar a lo largo de este mes, donde adem\u00e1s estamos instalando 1.600 c\u00e1maras de vigilancia y vamos a armar dos centros de atenci\u00f3n a los usuarios con fiscales para los que hayan sufrido delitos y pueden hacer las denuncias en el lugar\u201d, explic\u00f3 Vida. <\/span><\/p>\n<p><span style=\"line-height: 1.3em;\">Aclar\u00f3 Vidal que la Polic\u00eda Metropolitana \u201cno s\u00f3lo cuida las boleter\u00edas, como lo hac\u00eda antes la Federal, sino que adem\u00e1s estamos sumando polic\u00edas para que cuiden a los usuarios, porque \u00a0cuidar a los trabajadores es tan importante como cuidar a los pasajeros del subte\u201d.<\/span><span style=\"line-height: 1.3em;\"> Puso como ejemplo de efectividad que, \u201cen los primeros 15 d\u00edas de actuaci\u00f3n de la Metropolitana en el subte, ya hubo 35 detenciones de pungas\u201d e inform\u00f3 que se \u201chemos presentado nuestro plan de seguridad a los trabajadores\u201d.<\/span><\/p>\n","protected":false},"excerpt":{"rendered":"<p>La vicejefa de Gobierno de la Ciudad, Mar\u00eda Eugenia Vidal, calific\u00f3 de \u201cinjustificado\u201d al paro de subtes organizado por los metrodelegados y asegur\u00f3 que se est\u00e1 mejorando la seguridad para trabajadores y pasajeros de ese servicio. \u201cEl paro es absolutamente injustificado, justo ahora que ha llegado la Polic\u00eda Metropolitana al subte, donde ya hay 400 [&hellip;]<\/p>\n","protected":false},"author":2,"featured_media":15081,"comment_status":"open","ping_status":"open","sticky":false,"template":"","format":"standard","meta":{"_et_pb_use_builder":"","_et_pb_old_content":"","_et_gb_content_width":"","footnotes":""},"categories":[11,44],"tags":[],"class_list":["post-23596","post","type-post","status-publish","format-standard","has-post-thumbnail","hentry","category-ciudad","category-funcionarios-de-la-caba"],"_links":{"self":[{"href":"https:\/\/vocesdebaires.com.ar\/index.php\/wp-json\/wp\/v2\/posts\/23596"}],"collection":[{"href":"https:\/\/vocesdebaires.com.ar\/index.php\/wp-json\/wp\/v2\/posts"}],"about":[{"href":"https:\/\/vocesdebaires.com.ar\/index.php\/wp-json\/wp\/v2\/types\/post"}],"author":[{"embeddable":true,"href":"https:\/\/vocesdebaires.com.ar\/index.php\/wp-json\/wp\/v2\/users\/2"}],"replies":[{"embeddable":true,"href":"https:\/\/vocesdebaires.com.ar\/index.php\/wp-json\/wp\/v2\/comments?post=23596"}],"version-history":[{"count":0,"href":"https:\/\/vocesdebaires.com.ar\/index.php\/wp-json\/wp\/v2\/posts\/23596\/revisions"}],"wp:featuredmedia":[{"embeddable":true,"href":"https:\/\/vocesdebaires.com.ar\/index.php\/wp-json\/wp\/v2\/media\/15081"}],"wp:attachment":[{"href":"https:\/\/vocesdebaires.com.ar\/index.php\/wp-json\/wp\/v2\/media?parent=23596"}],"wp:term":[{"taxonomy":"category","embeddable":true,"href":"https:\/\/vocesdebaires.com.ar\/index.php\/wp-json\/wp\/v2\/categories?post=23596"},{"taxonomy":"post_tag","embeddable":true,"href":"https:\/\/vocesdebaires.com.ar\/index.php\/wp-json\/wp\/v2\/tags?post=23596"}],"curies":[{"name":"wp","href":"https:\/\/api.w.org\/{rel}","templated":true}]}}