{"id":23598,"date":"2014-06-13T12:00:19","date_gmt":"2014-06-13T15:00:19","guid":{"rendered":"http:\/\/vocesdebaires.com.ar\/wordpress\/index.php\/2014\/06\/13\/apoyo-a-postulacion-del-filete-porteno-en-la-unesco\/"},"modified":"2014-06-13T12:00:19","modified_gmt":"2014-06-13T15:00:19","slug":"apoyo-a-postulacion-del-filete-porteno-en-la-unesco","status":"publish","type":"post","link":"https:\/\/vocesdebaires.com.ar\/index.php\/2014\/06\/13\/apoyo-a-postulacion-del-filete-porteno-en-la-unesco\/","title":{"rendered":"Apoyo a postulaci\u00f3n del Filete Porte\u00f1o en la UNESCO"},"content":{"rendered":"<p><span style=\"line-height: 1.3em;\">La Legislatura de la Ciudad Aut\u00f3noma de Buenos Aires declar\u00f3 su adhesi\u00f3n a la postulaci\u00f3n efectuada por el Poder Ejecutivo del Filete Porte\u00f1o a la Lista Representativa de Patrimonio Cultural Inmaterial de la Humanidad ante la Organizaci\u00f3n de las Naciones Unidas para la Educaci\u00f3n, la Ciencia y la Cultura -UNESCO. La Convenci\u00f3n para la Salvaguardia del Patrimonio Cultural Inmaterial define como patrimonio inmaterial a \u00ablos usos, representaciones, expresiones, conocimientos y t\u00e9cnicas -junto con los instrumentos, objetos, artefactos y espacios culturales que les son inherentes- que las comunidades, los grupos y en algunos casos los individuos reconozcan como parte integrante de su patrimonio cultural. <\/span><\/p>\n<p><span style=\"line-height: 1.3em;\">La presentaci\u00f3n UNESCO 2014 dice: \u00abLa postulaci\u00f3n del Filete Porte\u00f1o a la Lista Representativa de Patrimonio Cultural Inmaterial de la Humanidad se fundamenta en el reconocimiento de esta t\u00e9cnica pict\u00f3rica como una expresi\u00f3n singular y representativa de la ciudad de Buenos Aires, y por extensi\u00f3n del pa\u00eds, que la convierte en referente de la identidad porte\u00f1a y nacional. La tarea, abordada desde distintas modalidades permiti\u00f3 establecer la caracterizaci\u00f3n del elemento propuesto y su significaci\u00f3n social en tanto lenguaje visual que expresa contenidos y valores identitarios y, por ende, estimula su apropiaci\u00f3n por distintos grupos socio-culturales. As\u00ed, aport\u00f3 tambi\u00e9n a la sensibilizaci\u00f3n y concientizaci\u00f3n sobre la importancia del Patrimonio Cultural Inmaterial en general\u00bb. El proyecto de declaraci\u00f3n fue presentado por la diputada del bloque PRO, L\u00eda Rueda. <\/span><\/p>\n<p><span style=\"line-height: 1.3em;\">En este sentido, tambi\u00e9n se autoriz\u00f3 la utilizaci\u00f3n del Hall de Honor del Palacio Legislativo para la realizaci\u00f3n de la muestra a realizarse con motivo de la postulaci\u00f3n, entre el 20 y el 24 de octubre del corriente a\u00f1o. La legisladora Diana Mart\u00ednez Barrios (PRO), autora del proyecto, se\u00f1al\u00f3 en el Recinto que \u00abesta propuesta originada en los vecinos, patrimonialistas y artistas nos enorgullece\u00bb.<\/span><\/p>\n","protected":false},"excerpt":{"rendered":"<p>La Legislatura de la Ciudad Aut\u00f3noma de Buenos Aires declar\u00f3 su adhesi\u00f3n a la postulaci\u00f3n efectuada por el Poder Ejecutivo del Filete Porte\u00f1o a la Lista Representativa de Patrimonio Cultural Inmaterial de la Humanidad ante la Organizaci\u00f3n de las Naciones Unidas para la Educaci\u00f3n, la Ciencia y la Cultura -UNESCO. La Convenci\u00f3n para la Salvaguardia [&hellip;]<\/p>\n","protected":false},"author":2,"featured_media":18915,"comment_status":"open","ping_status":"open","sticky":false,"template":"","format":"standard","meta":{"_et_pb_use_builder":"","_et_pb_old_content":"","_et_gb_content_width":"","footnotes":""},"categories":[11,44],"tags":[],"class_list":["post-23598","post","type-post","status-publish","format-standard","has-post-thumbnail","hentry","category-ciudad","category-funcionarios-de-la-caba"],"_links":{"self":[{"href":"https:\/\/vocesdebaires.com.ar\/index.php\/wp-json\/wp\/v2\/posts\/23598"}],"collection":[{"href":"https:\/\/vocesdebaires.com.ar\/index.php\/wp-json\/wp\/v2\/posts"}],"about":[{"href":"https:\/\/vocesdebaires.com.ar\/index.php\/wp-json\/wp\/v2\/types\/post"}],"author":[{"embeddable":true,"href":"https:\/\/vocesdebaires.com.ar\/index.php\/wp-json\/wp\/v2\/users\/2"}],"replies":[{"embeddable":true,"href":"https:\/\/vocesdebaires.com.ar\/index.php\/wp-json\/wp\/v2\/comments?post=23598"}],"version-history":[{"count":0,"href":"https:\/\/vocesdebaires.com.ar\/index.php\/wp-json\/wp\/v2\/posts\/23598\/revisions"}],"wp:featuredmedia":[{"embeddable":true,"href":"https:\/\/vocesdebaires.com.ar\/index.php\/wp-json\/wp\/v2\/media\/18915"}],"wp:attachment":[{"href":"https:\/\/vocesdebaires.com.ar\/index.php\/wp-json\/wp\/v2\/media?parent=23598"}],"wp:term":[{"taxonomy":"category","embeddable":true,"href":"https:\/\/vocesdebaires.com.ar\/index.php\/wp-json\/wp\/v2\/categories?post=23598"},{"taxonomy":"post_tag","embeddable":true,"href":"https:\/\/vocesdebaires.com.ar\/index.php\/wp-json\/wp\/v2\/tags?post=23598"}],"curies":[{"name":"wp","href":"https:\/\/api.w.org\/{rel}","templated":true}]}}