{"id":23599,"date":"2014-06-13T12:11:35","date_gmt":"2014-06-13T15:11:35","guid":{"rendered":"http:\/\/vocesdebaires.com.ar\/wordpress\/index.php\/2014\/06\/13\/sitios-de-interes-cine-gamount-y-bar-catedral-tango\/"},"modified":"2014-06-13T12:11:35","modified_gmt":"2014-06-13T15:11:35","slug":"sitios-de-interes-cine-gamount-y-bar-catedral-tango","status":"publish","type":"post","link":"https:\/\/vocesdebaires.com.ar\/index.php\/2014\/06\/13\/sitios-de-interes-cine-gamount-y-bar-catedral-tango\/","title":{"rendered":"Sitios de Inter\u00e9s: Cine Gamount y Bar Catedral Tango"},"content":{"rendered":"<p><span style=\"line-height: 1.3em;\">A trav\u00e9s de dos resoluciones aprobadas hoy, aconsejadas por la comisi\u00f3n de Cultura, fueron declarados sitios de Inter\u00e9s Cultural el cine Gaumont y el \u00abBar Catedral Tango\u00bb.<\/span><span style=\"line-height: 1.3em;\">A instancias de un proyecto de los diputados Roberto Quattromano (PRO) y Cristian Ritondo, Vicepresidente 1\u00ba de la Legislatura, fue declarado sitio de Inter\u00e9s Cultural el \u201cBar Catedral Tango\u00bb en el barrio de Mataderos y se resolvi\u00f3 adem\u00e1s la colocaci\u00f3n de una placa \u00abpor sus valores hist\u00f3ricos y culturales\u00bb. <\/span><\/p>\n<p><span style=\"line-height: 1.3em;\">En el mismo sentido, por autor\u00eda de la diputada Mar\u00eda Rachid y de su par Jorge Enrique Taiana (FpV), estableci\u00f3 id\u00e9ntico reconocimiento al cine \u00abGaumont\u00bb situado frente a la plaza de los Dos Congresos. Se colocar\u00e1 una placa por \u00abpor su invalorable aporte al \u00a0cine argentino y latinoamericano\u00bb. Se destac\u00f3 entre los fundamentos \u00abque el cine Gaumont tiene un car\u00e1cter identitario y cultural porque es un patrimonio para la Ciudad de Buenos Aires. Es un espacio fundamental para la promoci\u00f3n y difusi\u00f3n del cine argentino, ya que all\u00ed se proyectan tambi\u00e9n pel\u00edculas de producci\u00f3n independiente que no tendr\u00edan la posibilidad de exhibici\u00f3n en otros espacios. El espacio INCAA ha generado en este cine un \u00e1mbito para las proyecciones del cine argentino y latinoamericano. <\/span><\/p>\n<p><span style=\"line-height: 1.3em;\">Un blog electoral, de inter\u00e9s social<\/span><\/p>\n<p><span style=\"line-height: 1.3em;\">El Cuerpo Parlamentario declar\u00f3 de inter\u00e9s social de la Legislatura de la Ciudad Aut\u00f3noma de Buenos Aires el Blog de Andr\u00e9s Tow (http:\/\/www.andytow.com\/blog\/) y el atlas electoral que contiene, ya que en el mismo aborda los eventos pol\u00edticos m\u00e1s importantes y brinda un an\u00e1lisis t\u00e9cnico relevante sobre los procesos electorales de la Argentina. El autor es Licenciado en Ciencia Pol\u00edtica por la Universidad de Buenos Aires y tiene una Maestr\u00eda en Generaci\u00f3n y An\u00e1lisis de Informaci\u00f3n Estad\u00edstica en la Universidad de Tres de Febrero. Es personal administrativo y t\u00e9cnico de la Honorable C\u00e1mara de Diputados de la Naci\u00f3n, desde 1997 y se desempe\u00f1a tambi\u00e9n como consultor independiente en encuestas electorales, estudios cuantitativos, an\u00e1lisis estad\u00edstico y asesoramiento inform\u00e1tico para la ac tividad pol\u00edtica y comercial. El diputado Hern\u00e1n Rossi (SUMA+) impuls\u00f3 el proyecto.<\/span><\/p>\n","protected":false},"excerpt":{"rendered":"<p>A trav\u00e9s de dos resoluciones aprobadas hoy, aconsejadas por la comisi\u00f3n de Cultura, fueron declarados sitios de Inter\u00e9s Cultural el cine Gaumont y el \u00abBar Catedral Tango\u00bb.A instancias de un proyecto de los diputados Roberto Quattromano (PRO) y Cristian Ritondo, Vicepresidente 1\u00ba de la Legislatura, fue declarado sitio de Inter\u00e9s Cultural el \u201cBar Catedral Tango\u00bb [&hellip;]<\/p>\n","protected":false},"author":2,"featured_media":23600,"comment_status":"open","ping_status":"open","sticky":false,"template":"","format":"standard","meta":{"_et_pb_use_builder":"","_et_pb_old_content":"","_et_gb_content_width":"","footnotes":""},"categories":[11,44],"tags":[],"class_list":["post-23599","post","type-post","status-publish","format-standard","has-post-thumbnail","hentry","category-ciudad","category-funcionarios-de-la-caba"],"_links":{"self":[{"href":"https:\/\/vocesdebaires.com.ar\/index.php\/wp-json\/wp\/v2\/posts\/23599"}],"collection":[{"href":"https:\/\/vocesdebaires.com.ar\/index.php\/wp-json\/wp\/v2\/posts"}],"about":[{"href":"https:\/\/vocesdebaires.com.ar\/index.php\/wp-json\/wp\/v2\/types\/post"}],"author":[{"embeddable":true,"href":"https:\/\/vocesdebaires.com.ar\/index.php\/wp-json\/wp\/v2\/users\/2"}],"replies":[{"embeddable":true,"href":"https:\/\/vocesdebaires.com.ar\/index.php\/wp-json\/wp\/v2\/comments?post=23599"}],"version-history":[{"count":0,"href":"https:\/\/vocesdebaires.com.ar\/index.php\/wp-json\/wp\/v2\/posts\/23599\/revisions"}],"wp:featuredmedia":[{"embeddable":true,"href":"https:\/\/vocesdebaires.com.ar\/index.php\/wp-json\/wp\/v2\/media\/23600"}],"wp:attachment":[{"href":"https:\/\/vocesdebaires.com.ar\/index.php\/wp-json\/wp\/v2\/media?parent=23599"}],"wp:term":[{"taxonomy":"category","embeddable":true,"href":"https:\/\/vocesdebaires.com.ar\/index.php\/wp-json\/wp\/v2\/categories?post=23599"},{"taxonomy":"post_tag","embeddable":true,"href":"https:\/\/vocesdebaires.com.ar\/index.php\/wp-json\/wp\/v2\/tags?post=23599"}],"curies":[{"name":"wp","href":"https:\/\/api.w.org\/{rel}","templated":true}]}}