{"id":23603,"date":"2014-06-13T12:42:08","date_gmt":"2014-06-13T15:42:08","guid":{"rendered":"http:\/\/vocesdebaires.com.ar\/wordpress\/index.php\/2014\/06\/13\/virginia-lago-y-ricardo-romero-son-personalidades-destacadas\/"},"modified":"2014-06-13T12:42:08","modified_gmt":"2014-06-13T15:42:08","slug":"virginia-lago-y-ricardo-romero-son-personalidades-destacadas","status":"publish","type":"post","link":"https:\/\/vocesdebaires.com.ar\/index.php\/2014\/06\/13\/virginia-lago-y-ricardo-romero-son-personalidades-destacadas\/","title":{"rendered":"Virginia Lago y Ricardo Romero son Personalidades destacadas"},"content":{"rendered":"<p><span style=\"line-height: 1.3em;\">Una ley promovida por el diputado Cristian Ritondo (PRO) y sancionada hoy con 51 votos positivos declara Personalidad Destacada de la Ciudad en el \u00e1mbito de la Cultura al m\u00fasico, cantante, director, productor y conductor argentino Ricardo Romero. En su extensa trayectoria integr\u00f3 varios grupos entre ellos \u00abLos 5 Latinos\u00bb con quienes en 1964 actu\u00f3 en el \u00abShow de Ed Sullivan\u00bb en Nueva York -EUA. Alternando con artistas como Elvis Presley, Los Beatles, entre otros. Comenz\u00f3 su carrera profesionalmente en 1949 ejecutando como instrumento la trompeta. Debut\u00f3 en el Tabaris integrando la orquesta Los Colegiales. En 1969 \u201cLos 5 Latinos\u201d se disuelven y comienza la etapa de productor y director musical, principalmente de Estela Raval durante m\u00e1s de 10 a\u00f1os. Desde el 2002 y hasta 2010 form\u00f3 parte de varios programas radiales y recibi\u00f3 var ios premios.<\/span><\/p>\n<p>La diputada Susana Rinaldi (FPP) impuls\u00f3 otra ley que otorga la misma distinci\u00f3n a la actriz Virginia Lago. La legisladora destac\u00f3 en su iniciativa que \u00aba lo largo de su trayectoria de casi 50 a\u00f1os de actuaci\u00f3n en cine, teatro y televisi\u00f3n, ha vivido en el cuerpo y en el esp\u00edritu de decenas de personajes a trav\u00e9s de los cuales demostr\u00f3 su talento de gran int\u00e9rprete\u00bb y por los cuales ha recibido numerosas premiaciones. En tanto, tambi\u00e9n record\u00f3 sus inicios con \u00absu participaci\u00f3n en \u00abPigmalion\u00bb, la obra de George Bernard Shaw, la que le permiti\u00f3 acceder al cine: Lautaro Mur\u00faa la vio all\u00ed y le tom\u00f3 una prueba para \u00abAlias Gardelito\u00bb, un papel que gan\u00f3 y que le depar\u00f3 distinciones y muy buenas cr\u00edticas\u00bb.<\/p>\n<p><span style=\"line-height: 1.3em;\">Homenaje a cuatro locutoras radiales<\/span><\/p>\n<p>El Cuerpo parlamentario aprob\u00f3 una resoluci\u00f3n mediante la cual rendir\u00e1 homenaje a la trayectoria de cuatro voces femeninas emblem\u00e1ticas de la radiofon\u00eda argentina, que fueron \u00edconos fundamentales en el nacimiento de la frecuencia modulada: \u201cNucha\u201d Amengual, Beatriz Elizalde, Graciela Mancuso y Nora Perle.<\/p>\n<p>\u00abDesde su nacimiento, la radiofon\u00eda ha sido de gran importancia en nuestro pa\u00eds. Desde la primera transmisi\u00f3n radial, llevada a cabo el 27 de agosto de 1920, la radio se convirti\u00f3, hasta nuestros d\u00edas, en una gran compa\u00f1\u00eda de muchas familias argentinas. En esta ocasi\u00f3n (&#8230;) estamos proponiendo homenajear a cuatro voces femeninas emblem\u00e1ticas de la radiofon\u00eda, consideradas \u00edconos a partir del nacimiento de la frecuencia modulada\u00bb, sostienen los fundamentos de la iniciativa del diputado Oscar Moscariello (PRO).<\/p>\n","protected":false},"excerpt":{"rendered":"<p>Una ley promovida por el diputado Cristian Ritondo (PRO) y sancionada hoy con 51 votos positivos declara Personalidad Destacada de la Ciudad en el \u00e1mbito de la Cultura al m\u00fasico, cantante, director, productor y conductor argentino Ricardo Romero. En su extensa trayectoria integr\u00f3 varios grupos entre ellos \u00abLos 5 Latinos\u00bb con quienes en 1964 actu\u00f3 [&hellip;]<\/p>\n","protected":false},"author":2,"featured_media":23301,"comment_status":"open","ping_status":"open","sticky":false,"template":"","format":"standard","meta":{"_et_pb_use_builder":"","_et_pb_old_content":"","_et_gb_content_width":"","footnotes":""},"categories":[11,44],"tags":[],"class_list":["post-23603","post","type-post","status-publish","format-standard","has-post-thumbnail","hentry","category-ciudad","category-funcionarios-de-la-caba"],"_links":{"self":[{"href":"https:\/\/vocesdebaires.com.ar\/index.php\/wp-json\/wp\/v2\/posts\/23603"}],"collection":[{"href":"https:\/\/vocesdebaires.com.ar\/index.php\/wp-json\/wp\/v2\/posts"}],"about":[{"href":"https:\/\/vocesdebaires.com.ar\/index.php\/wp-json\/wp\/v2\/types\/post"}],"author":[{"embeddable":true,"href":"https:\/\/vocesdebaires.com.ar\/index.php\/wp-json\/wp\/v2\/users\/2"}],"replies":[{"embeddable":true,"href":"https:\/\/vocesdebaires.com.ar\/index.php\/wp-json\/wp\/v2\/comments?post=23603"}],"version-history":[{"count":0,"href":"https:\/\/vocesdebaires.com.ar\/index.php\/wp-json\/wp\/v2\/posts\/23603\/revisions"}],"wp:featuredmedia":[{"embeddable":true,"href":"https:\/\/vocesdebaires.com.ar\/index.php\/wp-json\/wp\/v2\/media\/23301"}],"wp:attachment":[{"href":"https:\/\/vocesdebaires.com.ar\/index.php\/wp-json\/wp\/v2\/media?parent=23603"}],"wp:term":[{"taxonomy":"category","embeddable":true,"href":"https:\/\/vocesdebaires.com.ar\/index.php\/wp-json\/wp\/v2\/categories?post=23603"},{"taxonomy":"post_tag","embeddable":true,"href":"https:\/\/vocesdebaires.com.ar\/index.php\/wp-json\/wp\/v2\/tags?post=23603"}],"curies":[{"name":"wp","href":"https:\/\/api.w.org\/{rel}","templated":true}]}}