{"id":23604,"date":"2014-06-13T12:52:56","date_gmt":"2014-06-13T15:52:56","guid":{"rendered":"http:\/\/vocesdebaires.com.ar\/wordpress\/index.php\/2014\/06\/13\/contra-el-abuso-y-maltrato-en-la-vejez\/"},"modified":"2014-06-13T12:52:56","modified_gmt":"2014-06-13T15:52:56","slug":"contra-el-abuso-y-maltrato-en-la-vejez","status":"publish","type":"post","link":"https:\/\/vocesdebaires.com.ar\/index.php\/2014\/06\/13\/contra-el-abuso-y-maltrato-en-la-vejez\/","title":{"rendered":"Contra el Abuso y Maltrato en la Vejez"},"content":{"rendered":"<p><span style=\"line-height: 1.3em;\">La Legislatura de la Ciudad Aut\u00f3noma de Buenos Aires aprob\u00f3 una declaraci\u00f3n para adherir a la conmemoraci\u00f3n del \u00abD\u00eda Mundial de Toma de Conciencia de Abuso y Maltrato en la Vejez \u00bb que se celebra el 15 de junio del corriente a\u00f1o. La iniciativa fue de las diputadas Cristina Garc\u00eda y Graciela Oca\u00f1a (CP). La fecha fue establecida en base a una iniciativa del Gobierno nacional a fines del a\u00f1o 2011. Se realiz\u00f3 un trabajo conjunto entre el Ministerio de Desarrollo Social de la Naci\u00f3n, a trav\u00e9s de la Secretar\u00eda Nacional de Ni\u00f1ez, Adolescencia y Familia, la Canciller\u00eda y la Misi\u00f3n Argentina ante la ONU. A partir de all\u00ed, el organismo internacional reconoci\u00f3 oficialmente el abuso hacia las personas mayores como un problema social global que afecta los derechos de millones de personas en todo el mundo y que merece la atenci\u00f3n de la comunidad internacional.<\/span><\/p>\n<p>\u00abLa conmemoraci\u00f3n de este d\u00eda tiene como objetivos principales la toma de conciencia p\u00fablica sobre los problemas vinculados a la violencia que, lamentablemente, sufren nuestros adultos mayores; generar espacios de reflexi\u00f3n que posibiliten la compresi\u00f3n de este grav\u00edsimo problema a nivel mundial; difundir informaci\u00f3n sobre el tema para tomar las medidas de prevenci\u00f3n necesarias para evitar que esto suceda; involucrar a las autoridades institucionales y ciudadanos para la protecci\u00f3n de este grupo etario de gran vulnerabilidad fomentando as\u00ed la solidaridad entre pares\u00bb sostienen los fundamentos del proyecto. En este sentido Oca\u00f1a (CP) destac\u00f3: \u00abEl tema de adultos mayores tiene que estar en la agenda de pol\u00edticas de gobierno\u00bb.<\/p>\n<p>Monumento a Cort\u00e1zar junto a la Biblioteca Nacional<\/p>\n<p>Se aprob\u00f3 en segunda lectura una ley de autor\u00eda de la diputada Susana Rinaldi (FPP) que autoriza el emplazamiento de un monumento a Julio Cort\u00e1zar. La obra realizada por la escultora Yamila Cartannilica ser\u00e1 colocada en un costado de la Biblioteca Nacional, en un jard\u00edn que lleva el nombre Evita. \u00abCelebrar de esta forma la obra de Julio Cort\u00e1zar no ser\u00e1 otra cosa que celebrar a uno de los creadores que construyeron lo mejor de nuestra cultura argentina\u00bb destacaron los fundamentos del proyecto que pas\u00f3 por Audiencia P\u00fablica.<\/p>\n<p>Nombran \u00abDr. Arturo Umberto Illia\u00bb al Hospital del Quemado<\/p>\n<p>Se aprob\u00f3 en segunda lectura nombrar \u00abDr. Arturo Umberto Illia\u00bb al Hospital de Quemados, Cirug\u00eda Pl\u00e1stica y Reparadora, sito en la calle Pedro Goyena 369 de la ciudad de Buenos Aires. La ley de autor\u00eda de los diputados Maximiliano Ferraro (CC), Mar\u00eda Raquel Herrero, Enzo Pagani (PRO) y de los legisladores mandato cumplido Martin Ocampo, Antonio Rub\u00e9n Campos y Adriana Montes fue sancionada con 51 votos positivos y dos abstenciones de los diputados Alejandro Bodart (MST) y Marcelo Ramal (FIT).<\/p>\n<p><span style=\"line-height: 1.3em;\">Pesar por fallecimiento de artista pl\u00e1stico<\/span><\/p>\n<p>La Legislatura declar\u00f3 su profundo pesar por el fallecimiento del artista pl\u00e1stico Juan Carlos Liberti. \u00abEl pasado 6 de junio se produjo el lamentable deceso de este gran artista. Sin embargo sus obras permanecer\u00e1n enriqueciendo el acervo porte\u00f1o\u00bb, expresaron los fundamentos de la declaraci\u00f3n impulsada por la diputada Cecilia de la Torre (PRO).<\/p>\n","protected":false},"excerpt":{"rendered":"<p>La Legislatura de la Ciudad Aut\u00f3noma de Buenos Aires aprob\u00f3 una declaraci\u00f3n para adherir a la conmemoraci\u00f3n del \u00abD\u00eda Mundial de Toma de Conciencia de Abuso y Maltrato en la Vejez \u00bb que se celebra el 15 de junio del corriente a\u00f1o. La iniciativa fue de las diputadas Cristina Garc\u00eda y Graciela Oca\u00f1a (CP). La [&hellip;]<\/p>\n","protected":false},"author":2,"featured_media":23605,"comment_status":"open","ping_status":"open","sticky":false,"template":"","format":"standard","meta":{"_et_pb_use_builder":"","_et_pb_old_content":"","_et_gb_content_width":"","footnotes":""},"categories":[11,44],"tags":[],"class_list":["post-23604","post","type-post","status-publish","format-standard","has-post-thumbnail","hentry","category-ciudad","category-funcionarios-de-la-caba"],"_links":{"self":[{"href":"https:\/\/vocesdebaires.com.ar\/index.php\/wp-json\/wp\/v2\/posts\/23604"}],"collection":[{"href":"https:\/\/vocesdebaires.com.ar\/index.php\/wp-json\/wp\/v2\/posts"}],"about":[{"href":"https:\/\/vocesdebaires.com.ar\/index.php\/wp-json\/wp\/v2\/types\/post"}],"author":[{"embeddable":true,"href":"https:\/\/vocesdebaires.com.ar\/index.php\/wp-json\/wp\/v2\/users\/2"}],"replies":[{"embeddable":true,"href":"https:\/\/vocesdebaires.com.ar\/index.php\/wp-json\/wp\/v2\/comments?post=23604"}],"version-history":[{"count":0,"href":"https:\/\/vocesdebaires.com.ar\/index.php\/wp-json\/wp\/v2\/posts\/23604\/revisions"}],"wp:featuredmedia":[{"embeddable":true,"href":"https:\/\/vocesdebaires.com.ar\/index.php\/wp-json\/wp\/v2\/media\/23605"}],"wp:attachment":[{"href":"https:\/\/vocesdebaires.com.ar\/index.php\/wp-json\/wp\/v2\/media?parent=23604"}],"wp:term":[{"taxonomy":"category","embeddable":true,"href":"https:\/\/vocesdebaires.com.ar\/index.php\/wp-json\/wp\/v2\/categories?post=23604"},{"taxonomy":"post_tag","embeddable":true,"href":"https:\/\/vocesdebaires.com.ar\/index.php\/wp-json\/wp\/v2\/tags?post=23604"}],"curies":[{"name":"wp","href":"https:\/\/api.w.org\/{rel}","templated":true}]}}