{"id":23619,"date":"2014-06-13T14:50:53","date_gmt":"2014-06-13T17:50:53","guid":{"rendered":"http:\/\/vocesdebaires.com.ar\/wordpress\/index.php\/2014\/06\/13\/dilma-sufrio-por-el-partido-y-por-los-insultos\/"},"modified":"2014-06-13T14:50:53","modified_gmt":"2014-06-13T17:50:53","slug":"dilma-sufrio-por-el-partido-y-por-los-insultos","status":"publish","type":"post","link":"https:\/\/vocesdebaires.com.ar\/index.php\/2014\/06\/13\/dilma-sufrio-por-el-partido-y-por-los-insultos\/","title":{"rendered":"Dilma sufri\u00f3 por el partido y por los insultos"},"content":{"rendered":"<p><span style=\"line-height: 1.3em;\">\u201cEi, Dilma, vai tomar no cu\u201d, (\u2018Hey, Dilma, que te den por el cu&#8230;\u2019) gritaba a todo pulm\u00f3n la \u201ctorcida\u201d verdeamarela, que era amplia mayor\u00eda en las tribunas. Y eso que no habl\u00f3 ni fue ponchada en las pantallas gigantes del estadio. \u201cNo quiere exponerse\u201d, dijeron en su entorno.<\/span><\/p>\n<p><span style=\"line-height: 1.3em;\">La verdadera catarata de agravios lleg\u00f3 luego que por los altavoces se pidi\u00f3 un aplauso del p\u00fablico en homenaje a los ocho trabajadores fallecidos en las obras de los estadios mundialistas, varios de ellos entregados a la FIFA a\u00fan sin haber estado totalmente completos.<\/span><\/p>\n<p><span style=\"line-height: 1.3em;\">Las demoras y sobrefacturaci\u00f3n de estas arenas han sido blanco de fuertes cr\u00edticas en Brasil por lo que gran parte de la poblaci\u00f3n considera que fue un despilfarro de dinero p\u00fablico cuando el gigante sudamericano enfrenta graves problemas de salud, educaci\u00f3n, transporte, vivienda y saneamiento b\u00e1sico.<\/span><\/p>\n","protected":false},"excerpt":{"rendered":"<p>\u201cEi, Dilma, vai tomar no cu\u201d, (\u2018Hey, Dilma, que te den por el cu&#8230;\u2019) gritaba a todo pulm\u00f3n la \u201ctorcida\u201d verdeamarela, que era amplia mayor\u00eda en las tribunas. Y eso que no habl\u00f3 ni fue ponchada en las pantallas gigantes del estadio. \u201cNo quiere exponerse\u201d, dijeron en su entorno. La verdadera catarata de agravios lleg\u00f3 [&hellip;]<\/p>\n","protected":false},"author":2,"featured_media":23620,"comment_status":"open","ping_status":"open","sticky":false,"template":"","format":"standard","meta":{"_et_pb_use_builder":"","_et_pb_old_content":"","_et_gb_content_width":"","footnotes":""},"categories":[14,50],"tags":[],"class_list":["post-23619","post","type-post","status-publish","format-standard","has-post-thumbnail","hentry","category-deportes","category-futbol-internacional-2"],"_links":{"self":[{"href":"https:\/\/vocesdebaires.com.ar\/index.php\/wp-json\/wp\/v2\/posts\/23619"}],"collection":[{"href":"https:\/\/vocesdebaires.com.ar\/index.php\/wp-json\/wp\/v2\/posts"}],"about":[{"href":"https:\/\/vocesdebaires.com.ar\/index.php\/wp-json\/wp\/v2\/types\/post"}],"author":[{"embeddable":true,"href":"https:\/\/vocesdebaires.com.ar\/index.php\/wp-json\/wp\/v2\/users\/2"}],"replies":[{"embeddable":true,"href":"https:\/\/vocesdebaires.com.ar\/index.php\/wp-json\/wp\/v2\/comments?post=23619"}],"version-history":[{"count":0,"href":"https:\/\/vocesdebaires.com.ar\/index.php\/wp-json\/wp\/v2\/posts\/23619\/revisions"}],"wp:featuredmedia":[{"embeddable":true,"href":"https:\/\/vocesdebaires.com.ar\/index.php\/wp-json\/wp\/v2\/media\/23620"}],"wp:attachment":[{"href":"https:\/\/vocesdebaires.com.ar\/index.php\/wp-json\/wp\/v2\/media?parent=23619"}],"wp:term":[{"taxonomy":"category","embeddable":true,"href":"https:\/\/vocesdebaires.com.ar\/index.php\/wp-json\/wp\/v2\/categories?post=23619"},{"taxonomy":"post_tag","embeddable":true,"href":"https:\/\/vocesdebaires.com.ar\/index.php\/wp-json\/wp\/v2\/tags?post=23619"}],"curies":[{"name":"wp","href":"https:\/\/api.w.org\/{rel}","templated":true}]}}