{"id":23623,"date":"2014-06-13T15:27:14","date_gmt":"2014-06-13T18:27:14","guid":{"rendered":"http:\/\/vocesdebaires.com.ar\/wordpress\/index.php\/2014\/06\/13\/por-el-grupo-a-se-mediran-mexico-y-camerun\/"},"modified":"2014-06-13T15:27:14","modified_gmt":"2014-06-13T18:27:14","slug":"por-el-grupo-a-se-mediran-mexico-y-camerun","status":"publish","type":"post","link":"https:\/\/vocesdebaires.com.ar\/index.php\/2014\/06\/13\/por-el-grupo-a-se-mediran-mexico-y-camerun\/","title":{"rendered":"Por el grupo A, se medir\u00e1n M\u00e9xico y Camer\u00fan"},"content":{"rendered":"<p><span style=\"line-height: 1.3em;\">Por la Copa Mundial FIFA 2014, desde las 13, se mediran M\u00e9xico y Camer\u00fan, por el grupo A. La jornada seguir\u00e1 con los enfrentamientos entre Espa\u00f1a-Holanda y Chile-Australia.<\/span><\/p>\n<p><span style=\"line-height: 1.3em;\">Viernes 13 de junio<\/span><\/p>\n<p>13.00&#8211; M\u00e9xico-Cam\u00e9run<\/p>\n<p>\u00c1rbitro: Wilmar Rold\u00e1n (Colombia)<\/p>\n<p>Asistente 1: Humberto Clavijo (Colombia)<\/p>\n<p>Asistente 2: Eduardo D\u00edaz (Colombia)<\/p>\n<p>Estadio: Estadio das Dunas, Natal<\/p>\n<p>17.00&#8211; Espa\u00f1a-Holanda<\/p>\n<p>\u00c1rbitro: Nicola Rizzoli (Italia)<\/p>\n<p>Asistente 1: Renato Faverani (Italia)<\/p>\n<p>Asistente 2: Andrea Stefani (Italia)<\/p>\n<p>Estadio: Arena Fonte Nova, Salvador<\/p>\n<p>19.00&#8211; Chile-Australia<\/p>\n<p>\u00c1rbitro: Noumandiez Doue (Costa de Marfil)<\/p>\n<p>Asistente 1: Songuifolo Yeo (Costa de Marfil)<\/p>\n<p>Asistente 2: Jean Claude Birumushahu (Burundi)<\/p>\n<p>Estadio: Arena Pantanal, Cuib\u00e1<\/p>\n","protected":false},"excerpt":{"rendered":"<p>Por la Copa Mundial FIFA 2014, desde las 13, se mediran M\u00e9xico y Camer\u00fan, por el grupo A. La jornada seguir\u00e1 con los enfrentamientos entre Espa\u00f1a-Holanda y Chile-Australia. Viernes 13 de junio 13.00&#8211; M\u00e9xico-Cam\u00e9run \u00c1rbitro: Wilmar Rold\u00e1n (Colombia) Asistente 1: Humberto Clavijo (Colombia) Asistente 2: Eduardo D\u00edaz (Colombia) Estadio: Estadio das Dunas, Natal 17.00&#8211; Espa\u00f1a-Holanda [&hellip;]<\/p>\n","protected":false},"author":2,"featured_media":23624,"comment_status":"open","ping_status":"open","sticky":false,"template":"","format":"standard","meta":{"_et_pb_use_builder":"","_et_pb_old_content":"","_et_gb_content_width":"","footnotes":""},"categories":[14,50],"tags":[],"class_list":["post-23623","post","type-post","status-publish","format-standard","has-post-thumbnail","hentry","category-deportes","category-futbol-internacional-2"],"_links":{"self":[{"href":"https:\/\/vocesdebaires.com.ar\/index.php\/wp-json\/wp\/v2\/posts\/23623"}],"collection":[{"href":"https:\/\/vocesdebaires.com.ar\/index.php\/wp-json\/wp\/v2\/posts"}],"about":[{"href":"https:\/\/vocesdebaires.com.ar\/index.php\/wp-json\/wp\/v2\/types\/post"}],"author":[{"embeddable":true,"href":"https:\/\/vocesdebaires.com.ar\/index.php\/wp-json\/wp\/v2\/users\/2"}],"replies":[{"embeddable":true,"href":"https:\/\/vocesdebaires.com.ar\/index.php\/wp-json\/wp\/v2\/comments?post=23623"}],"version-history":[{"count":0,"href":"https:\/\/vocesdebaires.com.ar\/index.php\/wp-json\/wp\/v2\/posts\/23623\/revisions"}],"wp:featuredmedia":[{"embeddable":true,"href":"https:\/\/vocesdebaires.com.ar\/index.php\/wp-json\/wp\/v2\/media\/23624"}],"wp:attachment":[{"href":"https:\/\/vocesdebaires.com.ar\/index.php\/wp-json\/wp\/v2\/media?parent=23623"}],"wp:term":[{"taxonomy":"category","embeddable":true,"href":"https:\/\/vocesdebaires.com.ar\/index.php\/wp-json\/wp\/v2\/categories?post=23623"},{"taxonomy":"post_tag","embeddable":true,"href":"https:\/\/vocesdebaires.com.ar\/index.php\/wp-json\/wp\/v2\/tags?post=23623"}],"curies":[{"name":"wp","href":"https:\/\/api.w.org\/{rel}","templated":true}]}}