{"id":23636,"date":"2014-06-16T15:22:37","date_gmt":"2014-06-16T18:22:37","guid":{"rendered":"http:\/\/vocesdebaires.com.ar\/wordpress\/index.php\/2014\/06\/16\/una-lastima-cuando-los-idolos-se-hacen-de-arena-no\/"},"modified":"2014-06-16T15:22:37","modified_gmt":"2014-06-16T18:22:37","slug":"una-lastima-cuando-los-idolos-se-hacen-de-arena-no","status":"publish","type":"post","link":"https:\/\/vocesdebaires.com.ar\/index.php\/2014\/06\/16\/una-lastima-cuando-los-idolos-se-hacen-de-arena-no\/","title":{"rendered":"Una lastima \u00abcuando los  \u00eddolos se hacen de arena no\u00bb"},"content":{"rendered":"<p><span style=\"line-height: 1.3em;\">Cuando Argentina y Bosnia estaban por salir al Maracan\u00e1, un ni\u00f1o se acerc\u00f3 a Messi con su mano extendida para saludarlo, \u00a0pero llamativamente el jugador de argentina \u00a0lo pas\u00f3 por alto y salud\u00f3 \u00fanicamente a la terna arbitral.<\/span><span style=\"line-height: 1.3em;\">As\u00ed Lionel Messi sorprendi\u00f3 a todos con su falta de caballerosidad con un ni\u00f1o.Raro no cuando e los mundiales se le da un lugar a los ni\u00f1os para entrar cada uno de ellos con u jugador. <\/span><\/p>\n<p>\u00bfHabr\u00e1 sido por los nervios previos al debut mundialista? Quien sabe lo cierto es que a Messi no observ\u00f3 o lo paso por alto al peque\u00f1o y en las redes sociales es fuertemente criticado por su falta.Una lastima \u00abcuando los \u00a0\u00eddolos se hacen de arena no\u00bb ?<\/p>\n","protected":false},"excerpt":{"rendered":"<p>Cuando Argentina y Bosnia estaban por salir al Maracan\u00e1, un ni\u00f1o se acerc\u00f3 a Messi con su mano extendida para saludarlo, \u00a0pero llamativamente el jugador de argentina \u00a0lo pas\u00f3 por alto y salud\u00f3 \u00fanicamente a la terna arbitral.As\u00ed Lionel Messi sorprendi\u00f3 a todos con su falta de caballerosidad con un ni\u00f1o.Raro no cuando e los [&hellip;]<\/p>\n","protected":false},"author":2,"featured_media":23637,"comment_status":"open","ping_status":"open","sticky":false,"template":"","format":"standard","meta":{"_et_pb_use_builder":"","_et_pb_old_content":"","_et_gb_content_width":"","footnotes":""},"categories":[14,50],"tags":[],"class_list":["post-23636","post","type-post","status-publish","format-standard","has-post-thumbnail","hentry","category-deportes","category-futbol-internacional-2"],"_links":{"self":[{"href":"https:\/\/vocesdebaires.com.ar\/index.php\/wp-json\/wp\/v2\/posts\/23636"}],"collection":[{"href":"https:\/\/vocesdebaires.com.ar\/index.php\/wp-json\/wp\/v2\/posts"}],"about":[{"href":"https:\/\/vocesdebaires.com.ar\/index.php\/wp-json\/wp\/v2\/types\/post"}],"author":[{"embeddable":true,"href":"https:\/\/vocesdebaires.com.ar\/index.php\/wp-json\/wp\/v2\/users\/2"}],"replies":[{"embeddable":true,"href":"https:\/\/vocesdebaires.com.ar\/index.php\/wp-json\/wp\/v2\/comments?post=23636"}],"version-history":[{"count":0,"href":"https:\/\/vocesdebaires.com.ar\/index.php\/wp-json\/wp\/v2\/posts\/23636\/revisions"}],"wp:featuredmedia":[{"embeddable":true,"href":"https:\/\/vocesdebaires.com.ar\/index.php\/wp-json\/wp\/v2\/media\/23637"}],"wp:attachment":[{"href":"https:\/\/vocesdebaires.com.ar\/index.php\/wp-json\/wp\/v2\/media?parent=23636"}],"wp:term":[{"taxonomy":"category","embeddable":true,"href":"https:\/\/vocesdebaires.com.ar\/index.php\/wp-json\/wp\/v2\/categories?post=23636"},{"taxonomy":"post_tag","embeddable":true,"href":"https:\/\/vocesdebaires.com.ar\/index.php\/wp-json\/wp\/v2\/tags?post=23636"}],"curies":[{"name":"wp","href":"https:\/\/api.w.org\/{rel}","templated":true}]}}