{"id":23651,"date":"2014-06-18T12:56:30","date_gmt":"2014-06-18T15:56:30","guid":{"rendered":"http:\/\/vocesdebaires.com.ar\/wordpress\/index.php\/2014\/06\/18\/vidal-continua-con-sus-recorridas-por-territorio-bonaerense\/"},"modified":"2014-06-18T12:56:30","modified_gmt":"2014-06-18T15:56:30","slug":"vidal-continua-con-sus-recorridas-por-territorio-bonaerense","status":"publish","type":"post","link":"https:\/\/vocesdebaires.com.ar\/index.php\/2014\/06\/18\/vidal-continua-con-sus-recorridas-por-territorio-bonaerense\/","title":{"rendered":"Vidal contin\u00faa con sus recorridas por territorio bonaerense"},"content":{"rendered":"<p><span style=\"line-height: 1.3em;\"> La referente del PRO Mar\u00eda Eugenia Vidal visit\u00f3 la ciudad de Berisso donde mantuvo una reuni\u00f3n con el presidente del Concejo Deliberante de Berisso, Angel Celi, y los jefes de bloque.<\/span><span style=\"line-height: 1.3em;\">\u201cHoy aqu\u00ed dimos un ejemplo de la pol\u00edtica que se viene, donde m\u00e1s all\u00e1 de tener ideas diferentes o provenir de partidos distintos demostramos que podemos discutir los temas que le importan a la gente\u201d, se\u00f1al\u00f3 Vidal luego de la reuni\u00f3n y agreg\u00f3 que: \u201cEn definitiva para eso nos vota la gente. Para ponernos de acuerdo y resolverle los problemas\u201d.<\/span><\/p>\n<p><span style=\"line-height: 1.3em;\">Consultada por los periodistas sobre una posible alianza con el Frente UNEN, Vidal destac\u00f3: \u201cNo es un tema que planteamos nosotros. El PRO siempre estuvo en el mismo lugar y as\u00ed va a seguir trabajando hasta el d\u00eda de la elecci\u00f3n\u201d.<\/span><span style=\"line-height: 1.3em;\">Vidal estuvo acompa\u00f1ada por el referente local Alberto Amiel y finaliz\u00f3 su visita con la inauguraci\u00f3n de un local partidario en el centro de Berisso.<\/span><\/p>\n","protected":false},"excerpt":{"rendered":"<p>La referente del PRO Mar\u00eda Eugenia Vidal visit\u00f3 la ciudad de Berisso donde mantuvo una reuni\u00f3n con el presidente del Concejo Deliberante de Berisso, Angel Celi, y los jefes de bloque.\u201cHoy aqu\u00ed dimos un ejemplo de la pol\u00edtica que se viene, donde m\u00e1s all\u00e1 de tener ideas diferentes o provenir de partidos distintos demostramos que [&hellip;]<\/p>\n","protected":false},"author":2,"featured_media":23652,"comment_status":"open","ping_status":"open","sticky":false,"template":"","format":"standard","meta":{"_et_pb_use_builder":"","_et_pb_old_content":"","_et_gb_content_width":"","footnotes":""},"categories":[11,44],"tags":[],"class_list":["post-23651","post","type-post","status-publish","format-standard","has-post-thumbnail","hentry","category-ciudad","category-funcionarios-de-la-caba"],"_links":{"self":[{"href":"https:\/\/vocesdebaires.com.ar\/index.php\/wp-json\/wp\/v2\/posts\/23651"}],"collection":[{"href":"https:\/\/vocesdebaires.com.ar\/index.php\/wp-json\/wp\/v2\/posts"}],"about":[{"href":"https:\/\/vocesdebaires.com.ar\/index.php\/wp-json\/wp\/v2\/types\/post"}],"author":[{"embeddable":true,"href":"https:\/\/vocesdebaires.com.ar\/index.php\/wp-json\/wp\/v2\/users\/2"}],"replies":[{"embeddable":true,"href":"https:\/\/vocesdebaires.com.ar\/index.php\/wp-json\/wp\/v2\/comments?post=23651"}],"version-history":[{"count":0,"href":"https:\/\/vocesdebaires.com.ar\/index.php\/wp-json\/wp\/v2\/posts\/23651\/revisions"}],"wp:featuredmedia":[{"embeddable":true,"href":"https:\/\/vocesdebaires.com.ar\/index.php\/wp-json\/wp\/v2\/media\/23652"}],"wp:attachment":[{"href":"https:\/\/vocesdebaires.com.ar\/index.php\/wp-json\/wp\/v2\/media?parent=23651"}],"wp:term":[{"taxonomy":"category","embeddable":true,"href":"https:\/\/vocesdebaires.com.ar\/index.php\/wp-json\/wp\/v2\/categories?post=23651"},{"taxonomy":"post_tag","embeddable":true,"href":"https:\/\/vocesdebaires.com.ar\/index.php\/wp-json\/wp\/v2\/tags?post=23651"}],"curies":[{"name":"wp","href":"https:\/\/api.w.org\/{rel}","templated":true}]}}