{"id":23653,"date":"2014-06-18T13:33:58","date_gmt":"2014-06-18T16:33:58","guid":{"rendered":"http:\/\/vocesdebaires.com.ar\/wordpress\/index.php\/2014\/06\/18\/ubicacion-de-las-camaras-en-la-ciudad-buenos-aires\/"},"modified":"2014-06-18T13:33:58","modified_gmt":"2014-06-18T16:33:58","slug":"ubicacion-de-las-camaras-en-la-ciudad-buenos-aires","status":"publish","type":"post","link":"https:\/\/vocesdebaires.com.ar\/index.php\/2014\/06\/18\/ubicacion-de-las-camaras-en-la-ciudad-buenos-aires\/","title":{"rendered":"Ubicaci\u00f3n de las c\u00e1maras en la Ciudad Buenos Aires"},"content":{"rendered":"<p><span style=\"line-height: 1.3em;\">En el marco del fallo por parte de la Justicia Porte\u00f1a con respecto a la ubicaci\u00f3n de las c\u00e1maras en la Ciudad Aut\u00f3noma de Buenos Aires, el Diputado del PRO, Daniel Presti coincidi\u00f3 con la postura adoptada por el Juez Dario Reynoso, el cual no hizo a lugar al pedido de la ubicaci\u00f3n precisa de las m\u00e1s de 2.000 c\u00e1maras p\u00fablicas que se encuentran en el \u00e1rea metropolitana. El Magistrado consider\u00f3 que es suficiente que los vecinos de la Ciudad tengan acceso a trav\u00e9s del sitio web oficial del Gobierno a las zonas donde se hallan colocadas las c\u00e1maras.<\/span><\/p>\n<p>En ese sentido el Diputado y Presidente de la Comisi\u00f3n de Seguridad sostuvo que revelar donde est\u00e1n las c\u00e1maras p\u00fablicas hace a la inseguridad, y que ello ser\u00eda colaborar con futuros delitos, ya que brindar informaci\u00f3n acerca de los sitios que son video-vigilados permite, indirectamente dejar al descubierto los lugares que no cuentan con \u00e9stos dispositivos.<\/p>\n<p>Finalmente Presti aclar\u00f3 que el plazo de 30 d\u00edas que dictamin\u00f3 el Juez, es \u00fanicamente a los \u00a0efectos de informar la ubicaci\u00f3n de los dispositivos de establecimientos privados incorporados a la red p\u00fablica. Seg\u00fan fuentes oficiales pertenecientes al Gobierno de la Ciudad, s\u00f3lo contar\u00edan con diez de \u00e9ste tipo de c\u00e1maras.<\/p>\n","protected":false},"excerpt":{"rendered":"<p>En el marco del fallo por parte de la Justicia Porte\u00f1a con respecto a la ubicaci\u00f3n de las c\u00e1maras en la Ciudad Aut\u00f3noma de Buenos Aires, el Diputado del PRO, Daniel Presti coincidi\u00f3 con la postura adoptada por el Juez Dario Reynoso, el cual no hizo a lugar al pedido de la ubicaci\u00f3n precisa de [&hellip;]<\/p>\n","protected":false},"author":2,"featured_media":23654,"comment_status":"open","ping_status":"open","sticky":false,"template":"","format":"standard","meta":{"_et_pb_use_builder":"","_et_pb_old_content":"","_et_gb_content_width":"","footnotes":""},"categories":[11,44],"tags":[],"class_list":["post-23653","post","type-post","status-publish","format-standard","has-post-thumbnail","hentry","category-ciudad","category-funcionarios-de-la-caba"],"_links":{"self":[{"href":"https:\/\/vocesdebaires.com.ar\/index.php\/wp-json\/wp\/v2\/posts\/23653"}],"collection":[{"href":"https:\/\/vocesdebaires.com.ar\/index.php\/wp-json\/wp\/v2\/posts"}],"about":[{"href":"https:\/\/vocesdebaires.com.ar\/index.php\/wp-json\/wp\/v2\/types\/post"}],"author":[{"embeddable":true,"href":"https:\/\/vocesdebaires.com.ar\/index.php\/wp-json\/wp\/v2\/users\/2"}],"replies":[{"embeddable":true,"href":"https:\/\/vocesdebaires.com.ar\/index.php\/wp-json\/wp\/v2\/comments?post=23653"}],"version-history":[{"count":0,"href":"https:\/\/vocesdebaires.com.ar\/index.php\/wp-json\/wp\/v2\/posts\/23653\/revisions"}],"wp:featuredmedia":[{"embeddable":true,"href":"https:\/\/vocesdebaires.com.ar\/index.php\/wp-json\/wp\/v2\/media\/23654"}],"wp:attachment":[{"href":"https:\/\/vocesdebaires.com.ar\/index.php\/wp-json\/wp\/v2\/media?parent=23653"}],"wp:term":[{"taxonomy":"category","embeddable":true,"href":"https:\/\/vocesdebaires.com.ar\/index.php\/wp-json\/wp\/v2\/categories?post=23653"},{"taxonomy":"post_tag","embeddable":true,"href":"https:\/\/vocesdebaires.com.ar\/index.php\/wp-json\/wp\/v2\/tags?post=23653"}],"curies":[{"name":"wp","href":"https:\/\/api.w.org\/{rel}","templated":true}]}}