{"id":23666,"date":"2014-06-19T12:06:05","date_gmt":"2014-06-19T15:06:05","guid":{"rendered":"http:\/\/vocesdebaires.com.ar\/wordpress\/index.php\/2014\/06\/19\/ceamse-se-realizo-el-relanzamiento-de-la-unidad-de-inspeccion\/"},"modified":"2014-06-19T12:06:05","modified_gmt":"2014-06-19T15:06:05","slug":"ceamse-se-realizo-el-relanzamiento-de-la-unidad-de-inspeccion","status":"publish","type":"post","link":"https:\/\/vocesdebaires.com.ar\/index.php\/2014\/06\/19\/ceamse-se-realizo-el-relanzamiento-de-la-unidad-de-inspeccion\/","title":{"rendered":"Ceamse: Se realizo el relanzamiento de la Unidad de Inspecci\u00f3n"},"content":{"rendered":"<p><span style=\"line-height: 1.3em;\">En la sede central de Ceamse se llevo a cabo el relanzamiento de la Unidad de Inspecci\u00f3n, \u00e1rea de la empresa que brinda el servicio de relevamiento y control integral de los servicios p\u00fablicos de higiene de la Ciudad. Adem\u00e1s se inauguro el Centro de Monitoreo que conecta las distintas unidades de la empresa. Participaron del acto Horacio Rodr\u00edguez Larreta, Jefe de Gabinete de Min. de la Ciudad; Hugo Bilbao, Director Ejecutivo del OPDS y Presidente del Cofema; Edgardo Cenzon, Ministro de Ambiente y Espacio P\u00fablico de la Ciudad y representantes de Provincia Leasing. Fueron recibidos por el Presidente de Ceamse Ra\u00fal de Elizalde y el vicepresidente Gustavo Coria.<\/span><\/p>\n<p><span style=\"line-height: 1.3em;\">Por medio del Grupo Bapro y a trav\u00e9s de Provincia Leasing, la empresa incorporo 17 nuevos m\u00f3viles con la m\u00e1xima tecnolog\u00eda para llevar adelante la inspecci\u00f3n del servicio p\u00fablico de higiene urbana de la Ciudad de Buenos Aires. Todas las noches, los m\u00f3viles recorren los barrios relevando irregularidades en el servicio de recolecci\u00f3n, con el objetivo de optimizar la limpieza de las calles porte\u00f1as.<\/span><span style=\"line-height: 1.3em;\">\u201cEstoy muy contento porque con esto ganan los vecinos de la Ciudad, en definitiva todos trabajamos para que ellos est\u00e9n mejor\u201d subrayo Rodr\u00edguez Larreta. Para luego agregar que \u201chemos avanzado mucho en el tema de los residuos, tenemos mucho por hacer pero esto demuestra todo el trabajo que venimos realizando estos a\u00f1os, por lo cual seguiremos apoyando el crecimiento de Ceamse.\u201d.<\/span><\/p>\n<p><span style=\"line-height: 1.3em;\">Por su parte, Bilbao se\u00f1al\u00f3 que \u201cCeamse es la empresa ambiental m\u00e1s grande de la Argentina, por eso esta a punto de inaugurar la planta de l\u00edquidos lixiviados m\u00e1s grande del mundo y cuenta con la planta de reciclaje m\u00e1s grande del pa\u00eds, que es la planta de MBT\u201d.<\/span><span style=\"line-height: 1.3em;\">El presidente de Ceamse, destac\u00f3 el importante rol de la empresa en el servicio que brinda diariamente y la incorporaci\u00f3n constante de tecnolog\u00eda al servicio de los residuos.<\/span><\/p>\n<p><span style=\"line-height: 1.3em;\">Del acto participaron el Secretario General del gremio de CEAMSE Jorge Mancini y el Coordinador General de la Unidad de Inspecci\u00f3n Claudio Tapia, los mismos destacaron el importante rol que, a trav\u00e9s de los a\u00f1os, cumplen los trabajadores de la empresa. \u201cDesde hace 37 a\u00f1os CEAMSE trabaja d\u00eda a d\u00eda con el compromiso de los trabajadores. Mismo la Unidad de Inspecci\u00f3n, que hoy estamos relanzando, ya cumpli\u00f3 30 a\u00f1os. Es importante remarcar el trabajo mancomunado de la Ciudad y de la Provincia para que nuestra empresa siga creciendo\u201d, expres\u00f3 Mancini. <\/span><\/p>\n","protected":false},"excerpt":{"rendered":"<p>En la sede central de Ceamse se llevo a cabo el relanzamiento de la Unidad de Inspecci\u00f3n, \u00e1rea de la empresa que brinda el servicio de relevamiento y control integral de los servicios p\u00fablicos de higiene de la Ciudad. Adem\u00e1s se inauguro el Centro de Monitoreo que conecta las distintas unidades de la empresa. Participaron [&hellip;]<\/p>\n","protected":false},"author":2,"featured_media":23667,"comment_status":"open","ping_status":"open","sticky":false,"template":"","format":"standard","meta":{"_et_pb_use_builder":"","_et_pb_old_content":"","_et_gb_content_width":"","footnotes":""},"categories":[11,44],"tags":[],"class_list":["post-23666","post","type-post","status-publish","format-standard","has-post-thumbnail","hentry","category-ciudad","category-funcionarios-de-la-caba"],"_links":{"self":[{"href":"https:\/\/vocesdebaires.com.ar\/index.php\/wp-json\/wp\/v2\/posts\/23666"}],"collection":[{"href":"https:\/\/vocesdebaires.com.ar\/index.php\/wp-json\/wp\/v2\/posts"}],"about":[{"href":"https:\/\/vocesdebaires.com.ar\/index.php\/wp-json\/wp\/v2\/types\/post"}],"author":[{"embeddable":true,"href":"https:\/\/vocesdebaires.com.ar\/index.php\/wp-json\/wp\/v2\/users\/2"}],"replies":[{"embeddable":true,"href":"https:\/\/vocesdebaires.com.ar\/index.php\/wp-json\/wp\/v2\/comments?post=23666"}],"version-history":[{"count":0,"href":"https:\/\/vocesdebaires.com.ar\/index.php\/wp-json\/wp\/v2\/posts\/23666\/revisions"}],"wp:featuredmedia":[{"embeddable":true,"href":"https:\/\/vocesdebaires.com.ar\/index.php\/wp-json\/wp\/v2\/media\/23667"}],"wp:attachment":[{"href":"https:\/\/vocesdebaires.com.ar\/index.php\/wp-json\/wp\/v2\/media?parent=23666"}],"wp:term":[{"taxonomy":"category","embeddable":true,"href":"https:\/\/vocesdebaires.com.ar\/index.php\/wp-json\/wp\/v2\/categories?post=23666"},{"taxonomy":"post_tag","embeddable":true,"href":"https:\/\/vocesdebaires.com.ar\/index.php\/wp-json\/wp\/v2\/tags?post=23666"}],"curies":[{"name":"wp","href":"https:\/\/api.w.org\/{rel}","templated":true}]}}