{"id":23686,"date":"2014-06-20T16:52:03","date_gmt":"2014-06-20T19:52:03","guid":{"rendered":"http:\/\/vocesdebaires.com.ar\/wordpress\/index.php\/2014\/06\/20\/preocupacion-por-venta-de-medicamentos-en-la-web\/"},"modified":"2014-06-20T16:52:03","modified_gmt":"2014-06-20T19:52:03","slug":"preocupacion-por-venta-de-medicamentos-en-la-web","status":"publish","type":"post","link":"https:\/\/vocesdebaires.com.ar\/index.php\/2014\/06\/20\/preocupacion-por-venta-de-medicamentos-en-la-web\/","title":{"rendered":"Preocupaci\u00f3n por venta de medicamentos en la web"},"content":{"rendered":"<p><span style=\"line-height: 1.3em;\">A trav\u00e9s de una declaraci\u00f3n aprobada hoy propuesta por el diputado Hern\u00e1n Rossi (Suma +), la Legislatura expres\u00f3 su profunda preocupaci\u00f3n por la venta de medicamentos que requieran prescripci\u00f3n m\u00e9dica por intermedio de la web. En este sentido, la Legislatura ver\u00eda con agrado que la autoridad competente lleve adelante campa\u00f1as de concientizaci\u00f3n.<\/span><\/p>\n<p>Entre los fundamentos de la iniciativa se detallaba: \u00abQuienes ofrecen medicamentos en la web no tienen un domicilio f\u00edsico ni legal, tampoco un farmac\u00e9utico al frente de su negocio que se haga responsable como dicta la Ley nacional N\u00ba 17.565 que regula la actividad farmac\u00e9utica. Esa norma establece que la preparaci\u00f3n de recetas, despacho y venta al p\u00fablico de drogas y medicamentos s\u00f3lo puede hacerse en farmacias habilitadas por la autoridad de aplicaci\u00f3n, de lo contrario se lo considera ejercicio ilegal\u00bb.<\/p>\n<p>Reconocimiento a escuela de adiestramiento de perros gu\u00edas<\/p>\n<p><span style=\"line-height: 1.3em;\">Se declar\u00f3 de Inter\u00e9s Social de la Ciudad de Buenos Aires la actividad de adiestramiento de perros gu\u00edas o de asistencia, nacidos y criados en Argentina, desarrollada por la \u00abEscuela de Perros Gu\u00eda Argentino\u00bb -EPGA- que cuenta con el auspicio del Club de Leones. Se trata de una asociaci\u00f3n reconocida por su esfuerzo en erradicar la ceguera evitable al facilitar ex\u00e1menes de la vista, equipar hospitales y cl\u00ednicas, distribuir medicinas y crear concientizaci\u00f3n sobre las enfermedades de los ojos. La iniciativa fue impulsada por la diputada Victoria Rold\u00e1n M\u00e9ndez (PRO), el PSA vot\u00f3 negativamente y el bloque VA se abstuvo. <\/span><\/p>\n<p><span style=\"line-height: 1.3em;\">En el a\u00f1o 2010 la EPGA impuls\u00f3 un programa para el entrenamiento de perros gu\u00eda o de asistencia en respuesta a la necesidad de facilitar a los no videntes la obtenci\u00f3n de perros lazarillos que, hasta ese momento, s\u00f3lo era posible a trav\u00e9s de la importaci\u00f3n. Luego de un a\u00f1o de labor se comenz\u00f3 con el proceso de adiestramiento de cuatro cachorros que superaron los distintos test necesarios para cumplir con esta importante tarea. A principios del a\u00f1o 2013, EPGA logr\u00f3 su primer objetivo: present\u00f3 a Canela y a Coco, los primeros perros gu\u00eda entrenados en el pa\u00eds, y finalmente en el mes de octubre del a\u00f1o pasado se llev\u00f3 a cabo la entrega de los dos primeros perros lazarillos nacidos, criados y adiestrados por completo en Argentina.<\/span><\/p>\n","protected":false},"excerpt":{"rendered":"<p>A trav\u00e9s de una declaraci\u00f3n aprobada hoy propuesta por el diputado Hern\u00e1n Rossi (Suma +), la Legislatura expres\u00f3 su profunda preocupaci\u00f3n por la venta de medicamentos que requieran prescripci\u00f3n m\u00e9dica por intermedio de la web. En este sentido, la Legislatura ver\u00eda con agrado que la autoridad competente lleve adelante campa\u00f1as de concientizaci\u00f3n. Entre los fundamentos [&hellip;]<\/p>\n","protected":false},"author":2,"featured_media":18750,"comment_status":"open","ping_status":"open","sticky":false,"template":"","format":"standard","meta":{"_et_pb_use_builder":"","_et_pb_old_content":"","_et_gb_content_width":"","footnotes":""},"categories":[11,44],"tags":[],"class_list":["post-23686","post","type-post","status-publish","format-standard","has-post-thumbnail","hentry","category-ciudad","category-funcionarios-de-la-caba"],"_links":{"self":[{"href":"https:\/\/vocesdebaires.com.ar\/index.php\/wp-json\/wp\/v2\/posts\/23686"}],"collection":[{"href":"https:\/\/vocesdebaires.com.ar\/index.php\/wp-json\/wp\/v2\/posts"}],"about":[{"href":"https:\/\/vocesdebaires.com.ar\/index.php\/wp-json\/wp\/v2\/types\/post"}],"author":[{"embeddable":true,"href":"https:\/\/vocesdebaires.com.ar\/index.php\/wp-json\/wp\/v2\/users\/2"}],"replies":[{"embeddable":true,"href":"https:\/\/vocesdebaires.com.ar\/index.php\/wp-json\/wp\/v2\/comments?post=23686"}],"version-history":[{"count":0,"href":"https:\/\/vocesdebaires.com.ar\/index.php\/wp-json\/wp\/v2\/posts\/23686\/revisions"}],"wp:featuredmedia":[{"embeddable":true,"href":"https:\/\/vocesdebaires.com.ar\/index.php\/wp-json\/wp\/v2\/media\/18750"}],"wp:attachment":[{"href":"https:\/\/vocesdebaires.com.ar\/index.php\/wp-json\/wp\/v2\/media?parent=23686"}],"wp:term":[{"taxonomy":"category","embeddable":true,"href":"https:\/\/vocesdebaires.com.ar\/index.php\/wp-json\/wp\/v2\/categories?post=23686"},{"taxonomy":"post_tag","embeddable":true,"href":"https:\/\/vocesdebaires.com.ar\/index.php\/wp-json\/wp\/v2\/tags?post=23686"}],"curies":[{"name":"wp","href":"https:\/\/api.w.org\/{rel}","templated":true}]}}