{"id":23709,"date":"2014-06-24T12:29:40","date_gmt":"2014-06-24T15:29:40","guid":{"rendered":"http:\/\/vocesdebaires.com.ar\/wordpress\/index.php\/2014\/06\/24\/re-trata-inauguraron-la-muestra-fotografica\/"},"modified":"2014-06-24T12:29:40","modified_gmt":"2014-06-24T15:29:40","slug":"re-trata-inauguraron-la-muestra-fotografica","status":"publish","type":"post","link":"https:\/\/vocesdebaires.com.ar\/index.php\/2014\/06\/24\/re-trata-inauguraron-la-muestra-fotografica\/","title":{"rendered":"Re-trata :Inauguraron la muestra fotogr\u00e1fica"},"content":{"rendered":"<p><span style=\"line-height: 1.3em;\">Organizada por la Red Alto al Tr\u00e1fico y la Trata (RATT Argentina) y Zappa Producciones, fue presentada hoy la muestra fotogr\u00e1fica Re-trato con la trata, en la Legislatura porte\u00f1a. La diputada Susana Rinaldi (FPP) sostuvo durante la inauguraci\u00f3n que esta presentaci\u00f3n es la \u201cmanera de recordar esta deficiencia org\u00e1nica de nuestra comunidad\u201d y subray\u00f3 que \u201cesta campa\u00f1a nacional es el trato que ser\u00eda bueno que fuera un tratado para erradicar la trata en nuestra comunidad\u201d y explic\u00f3 que el diputado An\u00edbal Ibarra (FPP), convocante del evento no pudo estar presente por un compromiso que se lo impidi\u00f3.<\/span><\/p>\n<p>Adem\u00e1s la legisladora record\u00f3 que \u201cel delito de trata se visibiliz\u00f3 con el caso de Marita Ver\u00f3n y gracias a las agallas y perseverancia de su madre Susana Trimarco\u201d e invit\u00f3 a los presentes a detener la vista en cada una de las personas fotografiadas, en su mirada de tristeza y desolaci\u00f3n\u201d, de mujeres y ni\u00f1os v\u00edctimas de trata o trabajadores esclavizados. Estuvieron presentes tambi\u00e9n la legisladora (mandato cumplido) Mar\u00eda Elena Naddeo, la coordinadora de la RATT, Viviana Caminos y Mart\u00edn Cassal, del equipo t\u00e9cnico de la RATT.<\/p>\n<p>Desde hoy hasta el 27 de junio se podr\u00e1n ver las fotos en el Hall de Honor del palacio legislativo, presentadas por un \u00a0grupo homog\u00e9neo de artistas afines a la fotograf\u00eda que han retratado en diversas formas, la lucha y repudio al delito de la trata, a trav\u00e9s de prevenci\u00f3n y concientizaci\u00f3n. La muestra tiene el objetivo de impulsar un compromiso en la sociedad y concientizar sobre las violaciones a los derechos humanos que la trata y el tr\u00e1fico de personas genera en nuestro pa\u00eds y en todo el mundo.<\/p>\n<p>La Trata de personas es un delito contra la libertad considerado como la esclavitud del siglo XXI. Este delito implica la violaci\u00f3n de los derechos humanos m\u00e1s angustiante de \u00e9sta \u00e9poca pues constituye una forma contempor\u00e1nea de esclavitud: mediante la trata se violan los derechos humanos b\u00e1sicos de las v\u00edctimas: a no ser esclavizado, a estar libres de explotaci\u00f3n, a no ser sometido a torturas ni a tratos crueles, inhumanos o degradantes, a estar libre de la discriminaci\u00f3n basada en el g\u00e9nero, a estar libre de violencia, a la integridad, la libertad y la seguridad de las personas, a la libertad de circulaci\u00f3n, al mayor nivel posible de salud, a la educaci\u00f3n, a una vida digna.<\/p>\n","protected":false},"excerpt":{"rendered":"<p>Organizada por la Red Alto al Tr\u00e1fico y la Trata (RATT Argentina) y Zappa Producciones, fue presentada hoy la muestra fotogr\u00e1fica Re-trato con la trata, en la Legislatura porte\u00f1a. La diputada Susana Rinaldi (FPP) sostuvo durante la inauguraci\u00f3n que esta presentaci\u00f3n es la \u201cmanera de recordar esta deficiencia org\u00e1nica de nuestra comunidad\u201d y subray\u00f3 que [&hellip;]<\/p>\n","protected":false},"author":2,"featured_media":23710,"comment_status":"open","ping_status":"open","sticky":false,"template":"","format":"standard","meta":{"_et_pb_use_builder":"","_et_pb_old_content":"","_et_gb_content_width":"","footnotes":""},"categories":[11,44],"tags":[],"class_list":["post-23709","post","type-post","status-publish","format-standard","has-post-thumbnail","hentry","category-ciudad","category-funcionarios-de-la-caba"],"_links":{"self":[{"href":"https:\/\/vocesdebaires.com.ar\/index.php\/wp-json\/wp\/v2\/posts\/23709"}],"collection":[{"href":"https:\/\/vocesdebaires.com.ar\/index.php\/wp-json\/wp\/v2\/posts"}],"about":[{"href":"https:\/\/vocesdebaires.com.ar\/index.php\/wp-json\/wp\/v2\/types\/post"}],"author":[{"embeddable":true,"href":"https:\/\/vocesdebaires.com.ar\/index.php\/wp-json\/wp\/v2\/users\/2"}],"replies":[{"embeddable":true,"href":"https:\/\/vocesdebaires.com.ar\/index.php\/wp-json\/wp\/v2\/comments?post=23709"}],"version-history":[{"count":0,"href":"https:\/\/vocesdebaires.com.ar\/index.php\/wp-json\/wp\/v2\/posts\/23709\/revisions"}],"wp:featuredmedia":[{"embeddable":true,"href":"https:\/\/vocesdebaires.com.ar\/index.php\/wp-json\/wp\/v2\/media\/23710"}],"wp:attachment":[{"href":"https:\/\/vocesdebaires.com.ar\/index.php\/wp-json\/wp\/v2\/media?parent=23709"}],"wp:term":[{"taxonomy":"category","embeddable":true,"href":"https:\/\/vocesdebaires.com.ar\/index.php\/wp-json\/wp\/v2\/categories?post=23709"},{"taxonomy":"post_tag","embeddable":true,"href":"https:\/\/vocesdebaires.com.ar\/index.php\/wp-json\/wp\/v2\/tags?post=23709"}],"curies":[{"name":"wp","href":"https:\/\/api.w.org\/{rel}","templated":true}]}}