{"id":23743,"date":"2014-06-26T15:28:05","date_gmt":"2014-06-26T18:28:05","guid":{"rendered":"http:\/\/vocesdebaires.com.ar\/wordpress\/index.php\/2014\/06\/26\/el-medico-pediatra-abel-albino-es-personalidad-destacada\/"},"modified":"2014-06-26T15:28:05","modified_gmt":"2014-06-26T18:28:05","slug":"el-medico-pediatra-abel-albino-es-personalidad-destacada","status":"publish","type":"post","link":"https:\/\/vocesdebaires.com.ar\/index.php\/2014\/06\/26\/el-medico-pediatra-abel-albino-es-personalidad-destacada\/","title":{"rendered":"El m\u00e9dico pediatra Abel Albino es Personalidad Destacada"},"content":{"rendered":"<p><span style=\"line-height: 1.3em;\">Se realiz\u00f3 ayer por la \u00a0tarde en el sal\u00f3n Eva Per\u00f3n de la Legislatura porte\u00f1a el acto de distinci\u00f3n del m\u00e9dico pediatra Abel Albino, de larga y reconocida trayectoria profesional, que se convirti\u00f3 en Personalidad Destacada en el campo de la ciencia el pasado 15 de mayo, cuando el Cuerpo parlamentario aprob\u00f3 la ley 4951, propuesta por el diputado Federico Salvai.<\/span><\/p>\n<p>La Presidenta de la Legislatura de la Ciudad de Buenos Aires, Mar\u00eda Eugenia Vidal encabez\u00f3 el acto resaltando el aporte a la sociedad del doctor Albino: \u00abEsta es una distinci\u00f3n que no sorprende. Lo que Albino ha hecho ha marcado muchas veces la diferencia entre vivir a medias o vivir con plenas capacidades para miles de chicos de la Argentina. Para que un chico pueda desarrollarse necesita todas las condiciones e igualdad de oportunidades. La fundaci\u00f3n CONIN lleg\u00f3 a donde el Estado no pudo. Es un premio a la persona que transmite amor y pasi\u00f3n por lo que hace. Por su parte, la ministra de Desarrollo Social, Carolina Stanley destac\u00f3: \u00abAbel es un motor y es esperanza para muchos de los que trabajamos y transitamos este camino. Adem\u00e1s Stanley reconoci\u00f3 el trabajo de los Centros de Primera Infancia: \u00abTodo lo que hacemos por los chicos de 0 a 4 a\u00f1os es por nues tras futuras generaciones\u00bb.<\/p>\n<p><span style=\"line-height: 1.3em;\">El doctor Abel Albino es presidente de la fundaci\u00f3n CONIN (Cooperadora de la Nutrici\u00f3n Infantil) creada en 1993 en Mendoza, Argentina, cuya visi\u00f3n es \u201cQuebrar la desnutrici\u00f3n infantil en la Argentina, comenzando por Mendoza y luego extenderse al resto de Am\u00e9rica Latina\u201d. En la fundaci\u00f3n se capacita a profesionales e instituciones abocadas a la lucha contra la desnutrici\u00f3n. Ha desarrollado varios programas de prevenci\u00f3n; no s\u00f3lo se ocupan de la parte m\u00e9dica sino que dan alimento a los ni\u00f1os, atenci\u00f3n psicol\u00f3gica familiar, cuenta con talleres de lectoescritura y de oficios para padres, escuela de capacitaci\u00f3n agraria, programa de estimulaci\u00f3n de la lactancia materna y educaci\u00f3n nutricional.<\/span><\/p>\n<p>El homenajeado expres\u00f3 su alegr\u00eda al recibir el diploma: \u00abMuch\u00edsimas gracias por el premio, la distinci\u00f3n y por acordarse de CONIN. Los ni\u00f1os necesitan del afecto y el est\u00edmulo permanente. La mejor manera de resolver un problema es a trav\u00e9s de un diagn\u00f3stico y la desnutrici\u00f3n es un c\u00e1ncer social que se puede prevenir y curar\u00bb. Adem\u00e1s el doctor dio su receta para poder tener un mejor pa\u00eds y destac\u00f3 cinco aspectos claves como son: preservar el cerebro dentro del primer a\u00f1o de vida ya que all\u00ed se forma el 80% del peso cerebral, educar el cerebro, tener cloacas y saneamiento ambiental, agua corriente y caliente y luz el\u00e9ctrica\u00bb. Por su parte, el autor de la iniciativa sostuvo: \u00abEstamos muy orgullosos del trabajo que ha realizado todos estos a\u00f1os. Trabaja en uno de los aspectos m\u00e1s importantes en el crecimiento de nuestros chicos, ya que aquellos elementos esenciales que no puedan ingresar en sus organismos en los primeros a\u00f1os de vida no los pueden recuperar m\u00e1s\u00bb.<\/p>\n<p>Su vocaci\u00f3n de servicio a los sectores m\u00e1s vulnerables desde la fundaci\u00f3n CONIN y el considerable aporte a la sociedad, hicieron al doctor Albino merecedor de numerosos premios a nivel local e internacional.<span style=\"line-height: 1.3em;\">Participaron del acto de reconocimiento funcionarios del Gobierno de la Ciudad del \u00e1rea de Salud, entre ellos el Jefe de Gabinete del Ministerio de Salud, Dr. Clodomiro Risau y la Directora de Redes y Programas de Salud, Lic. Florencia Flax Marc\u00f3. Adem\u00e1s asistieron los diputados \u00a0Francisco Quintana, L\u00eda Rueda, Raquel Herrero, Cecilia de la Torre, Carmen Polledo y Victoria Morales Gorleri (PRO).<\/span><\/p>\n<p>Foto : La ministra de Desarrollo Social, Carolina Stanley; la Presidenta de la Legislatura, Mar\u00eda Eugenia Vidal; el doctor Abel Albino con el diploma de Personalidad Destacada y el diputado Federico Salvai (PRO)<\/p>\n","protected":false},"excerpt":{"rendered":"<p>Se realiz\u00f3 ayer por la \u00a0tarde en el sal\u00f3n Eva Per\u00f3n de la Legislatura porte\u00f1a el acto de distinci\u00f3n del m\u00e9dico pediatra Abel Albino, de larga y reconocida trayectoria profesional, que se convirti\u00f3 en Personalidad Destacada en el campo de la ciencia el pasado 15 de mayo, cuando el Cuerpo parlamentario aprob\u00f3 la ley 4951, [&hellip;]<\/p>\n","protected":false},"author":2,"featured_media":23744,"comment_status":"open","ping_status":"open","sticky":false,"template":"","format":"standard","meta":{"_et_pb_use_builder":"","_et_pb_old_content":"","_et_gb_content_width":"","footnotes":""},"categories":[11,44],"tags":[],"class_list":["post-23743","post","type-post","status-publish","format-standard","has-post-thumbnail","hentry","category-ciudad","category-funcionarios-de-la-caba"],"_links":{"self":[{"href":"https:\/\/vocesdebaires.com.ar\/index.php\/wp-json\/wp\/v2\/posts\/23743"}],"collection":[{"href":"https:\/\/vocesdebaires.com.ar\/index.php\/wp-json\/wp\/v2\/posts"}],"about":[{"href":"https:\/\/vocesdebaires.com.ar\/index.php\/wp-json\/wp\/v2\/types\/post"}],"author":[{"embeddable":true,"href":"https:\/\/vocesdebaires.com.ar\/index.php\/wp-json\/wp\/v2\/users\/2"}],"replies":[{"embeddable":true,"href":"https:\/\/vocesdebaires.com.ar\/index.php\/wp-json\/wp\/v2\/comments?post=23743"}],"version-history":[{"count":0,"href":"https:\/\/vocesdebaires.com.ar\/index.php\/wp-json\/wp\/v2\/posts\/23743\/revisions"}],"wp:featuredmedia":[{"embeddable":true,"href":"https:\/\/vocesdebaires.com.ar\/index.php\/wp-json\/wp\/v2\/media\/23744"}],"wp:attachment":[{"href":"https:\/\/vocesdebaires.com.ar\/index.php\/wp-json\/wp\/v2\/media?parent=23743"}],"wp:term":[{"taxonomy":"category","embeddable":true,"href":"https:\/\/vocesdebaires.com.ar\/index.php\/wp-json\/wp\/v2\/categories?post=23743"},{"taxonomy":"post_tag","embeddable":true,"href":"https:\/\/vocesdebaires.com.ar\/index.php\/wp-json\/wp\/v2\/tags?post=23743"}],"curies":[{"name":"wp","href":"https:\/\/api.w.org\/{rel}","templated":true}]}}