{"id":23751,"date":"2014-06-27T12:33:27","date_gmt":"2014-06-27T15:33:27","guid":{"rendered":"http:\/\/vocesdebaires.com.ar\/wordpress\/index.php\/2014\/06\/27\/jurista-peruano-y-cantante-espanola-huespedes-de-honor\/"},"modified":"2014-06-27T12:33:27","modified_gmt":"2014-06-27T15:33:27","slug":"jurista-peruano-y-cantante-espanola-huespedes-de-honor","status":"publish","type":"post","link":"https:\/\/vocesdebaires.com.ar\/index.php\/2014\/06\/27\/jurista-peruano-y-cantante-espanola-huespedes-de-honor\/","title":{"rendered":"Jurista peruano y cantante espa\u00f1ola, Hu\u00e9spedes de Honor"},"content":{"rendered":"<p><span style=\"line-height: 1.3em;\">El profesor y tratadista Dr. Augusto Ferrero Costa, Presidente de la Academia Nacional de Derecho del Per\u00fa, qui\u00e9n integrar\u00e1 a partir de hoy el Jurado en la designaci\u00f3n de Profesores Titulares de la Facultad de Derecho de la Universidad de Buenos Aires -UBA-, fue declarado Hu\u00e9sped de Honor de la Ciudad por iniciativa del diputado Enzo Pagani (PRO). Ferrero Costa es uno de los tratadistas m\u00e1s reconocidos de toda el habla hispana, y ha vivido en Argentina durante su juventud llegando a ser ex campe\u00f3n nacional de nataci\u00f3n. Colabora permanentemente con el pa\u00eds, al que ha quedado entra\u00f1ablemente ligado a trav\u00e9s de una profusa actividad acad\u00e9mica realizando un enriquecedor intercambio con destacados juristas del medio. Votaron negativamente los bloques FPP, PS, NE y FIT. En tanto, se abstuvieron el FpV, SUMA+, VA, CC, PSA, IP y PS.<\/span><\/p>\n<p><span style=\"line-height: 1.3em;\">En el mismo sentido y por iniciativa de la diputada Mar\u00eda Rachid (FpV), la cantante espa\u00f1ola Mar\u00eda Nieves Rebolledo Vila, conocida popularmente como Bebe, fue declarada Hu\u00e9sped de Honor. Hace diez a\u00f1os, Bebe irrumpi\u00f3 en la industria musical con un disco que supuso uno de los mayores reconocimientos a su carrera. Durante ese tiempo ha recibido nominaciones, premios y realiz\u00f3 giras por todo el mundo, y en este caso estar\u00e1 visitando la Ciudad y realizar\u00e1 un concierto ac\u00fastico el martes 22 de julio venidero.<\/span><\/p>\n","protected":false},"excerpt":{"rendered":"<p>El profesor y tratadista Dr. Augusto Ferrero Costa, Presidente de la Academia Nacional de Derecho del Per\u00fa, qui\u00e9n integrar\u00e1 a partir de hoy el Jurado en la designaci\u00f3n de Profesores Titulares de la Facultad de Derecho de la Universidad de Buenos Aires -UBA-, fue declarado Hu\u00e9sped de Honor de la Ciudad por iniciativa del diputado [&hellip;]<\/p>\n","protected":false},"author":2,"featured_media":23752,"comment_status":"open","ping_status":"open","sticky":false,"template":"","format":"standard","meta":{"_et_pb_use_builder":"","_et_pb_old_content":"","_et_gb_content_width":"","footnotes":""},"categories":[11,44],"tags":[],"class_list":["post-23751","post","type-post","status-publish","format-standard","has-post-thumbnail","hentry","category-ciudad","category-funcionarios-de-la-caba"],"_links":{"self":[{"href":"https:\/\/vocesdebaires.com.ar\/index.php\/wp-json\/wp\/v2\/posts\/23751"}],"collection":[{"href":"https:\/\/vocesdebaires.com.ar\/index.php\/wp-json\/wp\/v2\/posts"}],"about":[{"href":"https:\/\/vocesdebaires.com.ar\/index.php\/wp-json\/wp\/v2\/types\/post"}],"author":[{"embeddable":true,"href":"https:\/\/vocesdebaires.com.ar\/index.php\/wp-json\/wp\/v2\/users\/2"}],"replies":[{"embeddable":true,"href":"https:\/\/vocesdebaires.com.ar\/index.php\/wp-json\/wp\/v2\/comments?post=23751"}],"version-history":[{"count":0,"href":"https:\/\/vocesdebaires.com.ar\/index.php\/wp-json\/wp\/v2\/posts\/23751\/revisions"}],"wp:featuredmedia":[{"embeddable":true,"href":"https:\/\/vocesdebaires.com.ar\/index.php\/wp-json\/wp\/v2\/media\/23752"}],"wp:attachment":[{"href":"https:\/\/vocesdebaires.com.ar\/index.php\/wp-json\/wp\/v2\/media?parent=23751"}],"wp:term":[{"taxonomy":"category","embeddable":true,"href":"https:\/\/vocesdebaires.com.ar\/index.php\/wp-json\/wp\/v2\/categories?post=23751"},{"taxonomy":"post_tag","embeddable":true,"href":"https:\/\/vocesdebaires.com.ar\/index.php\/wp-json\/wp\/v2\/tags?post=23751"}],"curies":[{"name":"wp","href":"https:\/\/api.w.org\/{rel}","templated":true}]}}