{"id":23761,"date":"2014-06-27T13:17:55","date_gmt":"2014-06-27T16:17:55","guid":{"rendered":"http:\/\/vocesdebaires.com.ar\/wordpress\/index.php\/2014\/06\/27\/fijan-tope-del-30-de-aumento-en-el-abl\/"},"modified":"2014-06-27T13:17:55","modified_gmt":"2014-06-27T16:17:55","slug":"fijan-tope-del-30-de-aumento-en-el-abl","status":"publish","type":"post","link":"https:\/\/vocesdebaires.com.ar\/index.php\/2014\/06\/27\/fijan-tope-del-30-de-aumento-en-el-abl\/","title":{"rendered":"Fijan tope del 30 % de aumento en el ABL"},"content":{"rendered":"<p><span style=\"line-height: 1.3em;\">La Legislatura fij\u00f3 transitoriamente para el ejercicio fiscal 2015 un tope de aumento del 30% en el impuesto de Alumbrado Barrido y Limpieza (ABL), respecto de lo determinado en el actual per\u00edodo fiscal para los tributos que recaen sobre los inmuebles radicados en la Ciudad Aut\u00f3noma de Buenos Aires (T\u00edtulo III del C\u00f3digo Fiscal T.O 2013).<\/span><span style=\"line-height: 1.3em;\">Originalmente la Ley 4040, aprobada en el a\u00f1o 2011, preve\u00eda topes m\u00e1s altos: 50, 75 y 100%, seg\u00fan el valor de la propiedad, pero ya fueron reducidos para el ejercicio 2014 a trav\u00e9s de la Ley 4617, \u00a0a 20, 30 y 40% respectivamente. \u00abVale aclarar que este tope se refiere a aquellas propiedades de mayor valor, que estaban retrasadas en cuanto al impuesto que pagaban en 2011 antes de la reforma del sistema valuatorio, que fue necesario escalonar su actualizaci\u00f3n en el tiempo\u201d, afirm\u00f3 Garc\u00eda y en el mismo sentido agreg\u00f3 que \u201cen una econom\u00eda con indicadores m\u00e1s cr\u00edticos, como la actual, nos parece prudente continuar disminuyendo coyunturalmente el ritmo de aplicaci\u00f3n plena de los efectos de la reforma valuatoria\u201d.<\/span><\/p>\n<p>Finalmente Garc\u00eda explic\u00f3 que \u201cEl trabajo t\u00e9cnico con las valuaciones, que ya permiti\u00f3 corregir inequidades y recuperar la progresividad de este impuesto, y un nivel de cumplimiento elevado, con la reducci\u00f3n de la morosidad y regularizaci\u00f3n de deudas a trav\u00e9s de los planes de facilidades vigentes, hace sostenible esta iniciativa\u201d.<span style=\"line-height: 1.3em;\">Antes de votar el proyecto, la diputada Gabriela Alegre (FpV) expres\u00f3 que \u00abel PRO nos plantea establecer un tope del 30% pero nosotros entendemos que debe ser escalonado y por eso nos vamos a abstener. Aqu\u00ed se elimina la progresividad vigente\u00bb. Adem\u00e1s, plante\u00f3 la necesidad de un censo para establecer los hogares que puedan abonar estos aumentos. Por su parte, el diputado Marcelo Ramal (FIT) sostuvo: \u00abTenemos nuevamente la legalizaci\u00f3n de un impuestazo que grava la vivienda \u00fanica. Este mecanismo de elevaci\u00f3n del ABL no representa otra cosa que una nueva complicaci\u00f3n econ\u00f3mica para los vecinos de la ciudad\u00bb.<\/span><\/p>\n<p>La sanci\u00f3n que se hizo sobre un proyecto del diputado Alejandro Garc\u00eda (PRO) en base a un dictamen de mayor\u00eda de la comisi\u00f3n de Presupuesto, Hacienda, Administraci\u00f3n Financiera y Pol\u00edtica Tributaria obtuvo 39 votos positivos (PRO, CP, CC, Suma+), 2 negativos de los diputados Marcelo Ramal (FIT) y Pablo Ferreyra (IP) y 14 abstenciones de los bloques Frente para la Victoria y Verde Alameda.<\/p>\n<p>Placa en la plaza Sol\u00eds, de La Boca<\/p>\n<p>La Legislatura aprob\u00f3 una declaraci\u00f3n de benepl\u00e1cito al cumplirse, el 8 de julio de 2014, el 120\u00b0 aniversario de la inauguraci\u00f3n de la Plaza Sol\u00eds, en el barrio de La Boca. Adem\u00e1s, en el mismo sentido la iniciativa del diputado Oscar Moscariello (PRO) dispone la colocaci\u00f3n de una placa de m\u00e1rmol en el lugar, situado entre las calles Olavarr\u00eda, Ministro Brin, Suarez y Caboto.<\/p>\n","protected":false},"excerpt":{"rendered":"<p>La Legislatura fij\u00f3 transitoriamente para el ejercicio fiscal 2015 un tope de aumento del 30% en el impuesto de Alumbrado Barrido y Limpieza (ABL), respecto de lo determinado en el actual per\u00edodo fiscal para los tributos que recaen sobre los inmuebles radicados en la Ciudad Aut\u00f3noma de Buenos Aires (T\u00edtulo III del C\u00f3digo Fiscal T.O [&hellip;]<\/p>\n","protected":false},"author":2,"featured_media":23762,"comment_status":"open","ping_status":"open","sticky":false,"template":"","format":"standard","meta":{"_et_pb_use_builder":"","_et_pb_old_content":"","_et_gb_content_width":"","footnotes":""},"categories":[11,44],"tags":[],"class_list":["post-23761","post","type-post","status-publish","format-standard","has-post-thumbnail","hentry","category-ciudad","category-funcionarios-de-la-caba"],"_links":{"self":[{"href":"https:\/\/vocesdebaires.com.ar\/index.php\/wp-json\/wp\/v2\/posts\/23761"}],"collection":[{"href":"https:\/\/vocesdebaires.com.ar\/index.php\/wp-json\/wp\/v2\/posts"}],"about":[{"href":"https:\/\/vocesdebaires.com.ar\/index.php\/wp-json\/wp\/v2\/types\/post"}],"author":[{"embeddable":true,"href":"https:\/\/vocesdebaires.com.ar\/index.php\/wp-json\/wp\/v2\/users\/2"}],"replies":[{"embeddable":true,"href":"https:\/\/vocesdebaires.com.ar\/index.php\/wp-json\/wp\/v2\/comments?post=23761"}],"version-history":[{"count":0,"href":"https:\/\/vocesdebaires.com.ar\/index.php\/wp-json\/wp\/v2\/posts\/23761\/revisions"}],"wp:featuredmedia":[{"embeddable":true,"href":"https:\/\/vocesdebaires.com.ar\/index.php\/wp-json\/wp\/v2\/media\/23762"}],"wp:attachment":[{"href":"https:\/\/vocesdebaires.com.ar\/index.php\/wp-json\/wp\/v2\/media?parent=23761"}],"wp:term":[{"taxonomy":"category","embeddable":true,"href":"https:\/\/vocesdebaires.com.ar\/index.php\/wp-json\/wp\/v2\/categories?post=23761"},{"taxonomy":"post_tag","embeddable":true,"href":"https:\/\/vocesdebaires.com.ar\/index.php\/wp-json\/wp\/v2\/tags?post=23761"}],"curies":[{"name":"wp","href":"https:\/\/api.w.org\/{rel}","templated":true}]}}