{"id":23766,"date":"2014-06-30T12:04:21","date_gmt":"2014-06-30T15:04:21","guid":{"rendered":"http:\/\/vocesdebaires.com.ar\/wordpress\/index.php\/2014\/06\/30\/vidal-reclamo-hacer-todo-lo-necesario-para-evitar-el-default\/"},"modified":"2014-06-30T12:04:21","modified_gmt":"2014-06-30T15:04:21","slug":"vidal-reclamo-hacer-todo-lo-necesario-para-evitar-el-default","status":"publish","type":"post","link":"https:\/\/vocesdebaires.com.ar\/index.php\/2014\/06\/30\/vidal-reclamo-hacer-todo-lo-necesario-para-evitar-el-default\/","title":{"rendered":"Vidal reclam\u00f3 \u00abhacer todo lo necesario para evitar el default\u00bb"},"content":{"rendered":"<p><span style=\"line-height: 1.3em;\"> La referente del PRO, Mar\u00eda Eugenia Vidal, reclam\u00f3 al gobierno nacional \u00abhacer todo lo que sea necesario para evitar el default\u00bb y afirm\u00f3 que \u00abvolver a 2001 es algo que nadie quiere\u00bb.<\/span><span style=\"line-height: 1.3em;\">\u00abHubo mucha soberbia e improvisaci\u00f3n del Gobierno en todos estos a\u00f1os y por eso estamos donde estamos\u00bb, se\u00f1al\u00f3 al ser consultada sobre la situaci\u00f3n con los holdouts.<\/span><span style=\"line-height: 1.3em;\">En declaraciones que realiz\u00f3 en esta ciudad, donde lleg\u00f3 para participar de la Semana Social de la Iglesia, Vidal consider\u00f3 que \u00ablas idas y venidas del Gobierno han generado mucha angustia en la gente. Ojal\u00e1 se haga todo lo necesario para evitar el default porque volver a 2001 es algo que nadie quiere\u00bb.<\/span><\/p>\n<p><span style=\"line-height: 1.3em;\">Vidal destac\u00f3 que la situaci\u00f3n con los fondos buitres \u00abse resuelve con seriedad y compromiso, que es lo que le ha faltado a la Argentina en todos estos a\u00f1os\u00bb.<\/span><span style=\"line-height: 1.3em;\">La dirigente agreg\u00f3: \u00abTenemos que mostrar que pagamos las deudas para generar confianza y credibilidad porque Argentina necesita tomar cr\u00e9ditos para hacer muchas cosas que faltan\u00bb.<\/span><span style=\"line-height: 1.3em;\">Por otra parte, la referente bonaerense del PRO remarc\u00f3 que la inseguridad es uno de los principales problemas en la provincia de Buenos Aires. \u00abEstamos mal, la gente est\u00e1 cansada de vivir con miedo\u00bb, sostuvo.<\/span><\/p>\n<p><span style=\"line-height: 1.3em;\">Por \u00faltimo, Vidal agreg\u00f3 que es necesario \u00abtener una polic\u00eda profesional, equipada, bien entrenada. Le podemos mostrar a la Argentina que se puede hacer una polic\u00eda eficiente y no corrupta, como la Metropolitana\u00bb.<\/span><span style=\"line-height: 1.3em;\">La dirigente visit\u00f3 esta ma\u00f1ana una f\u00e1brica local dedicada a la producci\u00f3n de jabones y recorri\u00f3 el centro de la ciudad donde particip\u00f3 de una actividad partidaria.<\/span><\/p>\n","protected":false},"excerpt":{"rendered":"<p>La referente del PRO, Mar\u00eda Eugenia Vidal, reclam\u00f3 al gobierno nacional \u00abhacer todo lo que sea necesario para evitar el default\u00bb y afirm\u00f3 que \u00abvolver a 2001 es algo que nadie quiere\u00bb.\u00abHubo mucha soberbia e improvisaci\u00f3n del Gobierno en todos estos a\u00f1os y por eso estamos donde estamos\u00bb, se\u00f1al\u00f3 al ser consultada sobre la situaci\u00f3n [&hellip;]<\/p>\n","protected":false},"author":2,"featured_media":0,"comment_status":"open","ping_status":"open","sticky":false,"template":"","format":"standard","meta":{"_et_pb_use_builder":"","_et_pb_old_content":"","_et_gb_content_width":"","footnotes":""},"categories":[11,44],"tags":[],"class_list":["post-23766","post","type-post","status-publish","format-standard","hentry","category-ciudad","category-funcionarios-de-la-caba"],"_links":{"self":[{"href":"https:\/\/vocesdebaires.com.ar\/index.php\/wp-json\/wp\/v2\/posts\/23766"}],"collection":[{"href":"https:\/\/vocesdebaires.com.ar\/index.php\/wp-json\/wp\/v2\/posts"}],"about":[{"href":"https:\/\/vocesdebaires.com.ar\/index.php\/wp-json\/wp\/v2\/types\/post"}],"author":[{"embeddable":true,"href":"https:\/\/vocesdebaires.com.ar\/index.php\/wp-json\/wp\/v2\/users\/2"}],"replies":[{"embeddable":true,"href":"https:\/\/vocesdebaires.com.ar\/index.php\/wp-json\/wp\/v2\/comments?post=23766"}],"version-history":[{"count":0,"href":"https:\/\/vocesdebaires.com.ar\/index.php\/wp-json\/wp\/v2\/posts\/23766\/revisions"}],"wp:attachment":[{"href":"https:\/\/vocesdebaires.com.ar\/index.php\/wp-json\/wp\/v2\/media?parent=23766"}],"wp:term":[{"taxonomy":"category","embeddable":true,"href":"https:\/\/vocesdebaires.com.ar\/index.php\/wp-json\/wp\/v2\/categories?post=23766"},{"taxonomy":"post_tag","embeddable":true,"href":"https:\/\/vocesdebaires.com.ar\/index.php\/wp-json\/wp\/v2\/tags?post=23766"}],"curies":[{"name":"wp","href":"https:\/\/api.w.org\/{rel}","templated":true}]}}