{"id":23811,"date":"2014-07-02T18:58:51","date_gmt":"2014-07-02T21:58:51","guid":{"rendered":"http:\/\/vocesdebaires.com.ar\/wordpress\/index.php\/2014\/07\/02\/el-mst-marcho-a-economia-y-quemo-un-buitre\/"},"modified":"2014-07-02T18:58:51","modified_gmt":"2014-07-02T21:58:51","slug":"el-mst-marcho-a-economia-y-quemo-un-buitre","status":"publish","type":"post","link":"https:\/\/vocesdebaires.com.ar\/index.php\/2014\/07\/02\/el-mst-marcho-a-economia-y-quemo-un-buitre\/","title":{"rendered":"El MST march\u00f3 a Econom\u00eda y quem\u00f3 un \u00abbuitre\u00bb"},"content":{"rendered":"<p><span style=\"line-height: 1.3em;\">El MST-Nueva Izquierda realiz\u00f3 una jornada nacional contra el pago de la deuda externa, con marchas y protestas en 20 provincias. En Buenos Aires, el diputado Alejandro Bodart y Vilma Ripoll encabezaron una marcha al Ministerio de Econom\u00eda, donde quemaron un \u201cbuitre\u201d gigante. (fotos adjuntas)<\/span><\/p>\n<p>Bodart afirm\u00f3: \u00abCristina y toda la oposici\u00f3n tradicional capitulan ante los buitres. Proponemos dejar de pagar y auditar toda la deuda externa para saber cu\u00e1nta es ileg\u00edtima y cu\u00e1ntas veces ya se pag\u00f3 la supuesta parte leg\u00edtima\u00bb.<span style=\"line-height: 1.3em;\">Ripoll agreg\u00f3: \u201cEl gobierno sigue pagando la deuda fraudulenta a costa de m\u00e1s ajuste y m\u00e1s entrega. Por eso hoy iniciamos una campa\u00f1a nacional por el no pago.\u201d<\/span><\/p>\n<p>El MST tambi\u00e9n realiz\u00f3 hoy actos y marchas en La Plata, C\u00f3rdoba, Rosario, Mendoza, Paran\u00e1, Santa Fe, San Juan, Comodoro, Tucum\u00e1n, Jujuy, Salta, Santiago del Estero, Catamarca, Neuqu\u00e9n, Bariloche, Paso de los Libres y otras ciudades.<\/p>\n","protected":false},"excerpt":{"rendered":"<p>El MST-Nueva Izquierda realiz\u00f3 una jornada nacional contra el pago de la deuda externa, con marchas y protestas en 20 provincias. En Buenos Aires, el diputado Alejandro Bodart y Vilma Ripoll encabezaron una marcha al Ministerio de Econom\u00eda, donde quemaron un \u201cbuitre\u201d gigante. (fotos adjuntas) Bodart afirm\u00f3: \u00abCristina y toda la oposici\u00f3n tradicional capitulan ante [&hellip;]<\/p>\n","protected":false},"author":2,"featured_media":23812,"comment_status":"open","ping_status":"open","sticky":false,"template":"","format":"standard","meta":{"_et_pb_use_builder":"","_et_pb_old_content":"","_et_gb_content_width":"","footnotes":""},"categories":[11,44],"tags":[],"class_list":["post-23811","post","type-post","status-publish","format-standard","has-post-thumbnail","hentry","category-ciudad","category-funcionarios-de-la-caba"],"_links":{"self":[{"href":"https:\/\/vocesdebaires.com.ar\/index.php\/wp-json\/wp\/v2\/posts\/23811"}],"collection":[{"href":"https:\/\/vocesdebaires.com.ar\/index.php\/wp-json\/wp\/v2\/posts"}],"about":[{"href":"https:\/\/vocesdebaires.com.ar\/index.php\/wp-json\/wp\/v2\/types\/post"}],"author":[{"embeddable":true,"href":"https:\/\/vocesdebaires.com.ar\/index.php\/wp-json\/wp\/v2\/users\/2"}],"replies":[{"embeddable":true,"href":"https:\/\/vocesdebaires.com.ar\/index.php\/wp-json\/wp\/v2\/comments?post=23811"}],"version-history":[{"count":0,"href":"https:\/\/vocesdebaires.com.ar\/index.php\/wp-json\/wp\/v2\/posts\/23811\/revisions"}],"wp:featuredmedia":[{"embeddable":true,"href":"https:\/\/vocesdebaires.com.ar\/index.php\/wp-json\/wp\/v2\/media\/23812"}],"wp:attachment":[{"href":"https:\/\/vocesdebaires.com.ar\/index.php\/wp-json\/wp\/v2\/media?parent=23811"}],"wp:term":[{"taxonomy":"category","embeddable":true,"href":"https:\/\/vocesdebaires.com.ar\/index.php\/wp-json\/wp\/v2\/categories?post=23811"},{"taxonomy":"post_tag","embeddable":true,"href":"https:\/\/vocesdebaires.com.ar\/index.php\/wp-json\/wp\/v2\/tags?post=23811"}],"curies":[{"name":"wp","href":"https:\/\/api.w.org\/{rel}","templated":true}]}}