{"id":23825,"date":"2014-07-03T13:32:06","date_gmt":"2014-07-03T16:32:06","guid":{"rendered":"http:\/\/vocesdebaires.com.ar\/wordpress\/index.php\/2014\/07\/03\/vidal-aseguro-que-el-rotavirus-se-puede-curar\/"},"modified":"2014-07-03T13:32:06","modified_gmt":"2014-07-03T16:32:06","slug":"vidal-aseguro-que-el-rotavirus-se-puede-curar","status":"publish","type":"post","link":"https:\/\/vocesdebaires.com.ar\/index.php\/2014\/07\/03\/vidal-aseguro-que-el-rotavirus-se-puede-curar\/","title":{"rendered":"Vidal: Asegur\u00f3 que el Rotavirus se puede curar"},"content":{"rendered":"<p><span style=\"line-height: 1.3em;\">La vicejefa del gobierno porte\u00f1o, Mar\u00eda Eugenia Vidal, asegur\u00f3 que la enfermedad del rotavirus, que ya caus\u00f3 cinco muertes de ni\u00f1os en el conurbano bonaerense, \u00abse puede prevenir, \u00a0se puede tratar y todos los hospitales de la Ciudad est\u00e1n listos y preparados para recibir a los pacientes\u00bb.<\/span><span style=\"line-height: 1.3em;\">Vidal recomend\u00f3 a las madres cuidar las normas de higiene, como el lavado de las manos, y no automedicar a sus hijos sino concurrir al hospital o el centro de salud m\u00e1s cercano ante s\u00edntomas de fiebre, v\u00f3mitos y diarreas.<\/span><\/p>\n<p><span style=\"line-height: 1.3em;\">Situaci\u00f3n de calle<\/span><\/p>\n<p><span style=\"line-height: 1.3em;\">En declaraciones, la vicejefa de Gobierno de la Ciudad tambi\u00e9n reiter\u00f3 que se mantienen e intensifican los operativos de asistencia a las personas \u00aben situaci\u00f3n de calle\u00bb que padecen jornadas de intenso fr\u00edo.<\/span><span style=\"line-height: 1.3em;\">\u00abTodo el a\u00f1o trabajamos con la gente en situaci\u00f3n de calle pero en estos d\u00edas de fr\u00edo, mucho m\u00e1s; tenemos m\u00e1s m\u00f3viles y m\u00e1s personal asistiendo. Tenemos refugios con cama, la posibilidad de darse una ducha caliente y de alimentarse y que cada noche no tengan que pasarla en la calle\u00bb, explic\u00f3 Vidal.<\/span><\/p>\n<p><span style=\"line-height: 1.3em;\">Aclar\u00f3 sin embargo que \u00abhay gente que no quiere ser trasladada a los refugios y en esos casos los asistimos en la calle con agua caliente, comida y frazadas\u00bb. <\/span><span style=\"line-height: 1.3em;\">Record\u00f3 que se pude llamar durante las 24 horas al tel\u00e9fono 108 (l\u00ednea gratuita) para solicitar asistencia a personas que viven a la intemperie o padecen situaciones sociales extremas.<\/span><\/p>\n","protected":false},"excerpt":{"rendered":"<p>La vicejefa del gobierno porte\u00f1o, Mar\u00eda Eugenia Vidal, asegur\u00f3 que la enfermedad del rotavirus, que ya caus\u00f3 cinco muertes de ni\u00f1os en el conurbano bonaerense, \u00abse puede prevenir, \u00a0se puede tratar y todos los hospitales de la Ciudad est\u00e1n listos y preparados para recibir a los pacientes\u00bb.Vidal recomend\u00f3 a las madres cuidar las normas de [&hellip;]<\/p>\n","protected":false},"author":2,"featured_media":17432,"comment_status":"open","ping_status":"open","sticky":false,"template":"","format":"standard","meta":{"_et_pb_use_builder":"","_et_pb_old_content":"","_et_gb_content_width":"","footnotes":""},"categories":[11,44],"tags":[],"class_list":["post-23825","post","type-post","status-publish","format-standard","has-post-thumbnail","hentry","category-ciudad","category-funcionarios-de-la-caba"],"_links":{"self":[{"href":"https:\/\/vocesdebaires.com.ar\/index.php\/wp-json\/wp\/v2\/posts\/23825"}],"collection":[{"href":"https:\/\/vocesdebaires.com.ar\/index.php\/wp-json\/wp\/v2\/posts"}],"about":[{"href":"https:\/\/vocesdebaires.com.ar\/index.php\/wp-json\/wp\/v2\/types\/post"}],"author":[{"embeddable":true,"href":"https:\/\/vocesdebaires.com.ar\/index.php\/wp-json\/wp\/v2\/users\/2"}],"replies":[{"embeddable":true,"href":"https:\/\/vocesdebaires.com.ar\/index.php\/wp-json\/wp\/v2\/comments?post=23825"}],"version-history":[{"count":0,"href":"https:\/\/vocesdebaires.com.ar\/index.php\/wp-json\/wp\/v2\/posts\/23825\/revisions"}],"wp:featuredmedia":[{"embeddable":true,"href":"https:\/\/vocesdebaires.com.ar\/index.php\/wp-json\/wp\/v2\/media\/17432"}],"wp:attachment":[{"href":"https:\/\/vocesdebaires.com.ar\/index.php\/wp-json\/wp\/v2\/media?parent=23825"}],"wp:term":[{"taxonomy":"category","embeddable":true,"href":"https:\/\/vocesdebaires.com.ar\/index.php\/wp-json\/wp\/v2\/categories?post=23825"},{"taxonomy":"post_tag","embeddable":true,"href":"https:\/\/vocesdebaires.com.ar\/index.php\/wp-json\/wp\/v2\/tags?post=23825"}],"curies":[{"name":"wp","href":"https:\/\/api.w.org\/{rel}","templated":true}]}}