{"id":23828,"date":"2014-07-03T13:48:38","date_gmt":"2014-07-03T16:48:38","guid":{"rendered":"http:\/\/vocesdebaires.com.ar\/wordpress\/index.php\/2014\/07\/03\/vas-a-espana-manu\/"},"modified":"2014-07-03T13:48:38","modified_gmt":"2014-07-03T16:48:38","slug":"vas-a-espana-manu","status":"publish","type":"post","link":"https:\/\/vocesdebaires.com.ar\/index.php\/2014\/07\/03\/vas-a-espana-manu\/","title":{"rendered":"\u00bfVas a Espa\u00f1a, Manu?"},"content":{"rendered":"<p><span style=\"line-height: 1.3em;\">Los riesgos de lesionarse de un deportista en el alto rendimiento est\u00e1n siempre latentes. Y la preocupaci\u00f3n crece cuando hay un torneo importante a la vuelta de la esquina. Es lo que le ocurre al mejor basquetbolista de la historia argentina, Emanuel Gin\u00f3bili, que sufri\u00f3 una fractura por estr\u00e9s en su pierna derecha, de acuerdo a Yahoo Sports. El Mundial de Espa\u00f1a, probablemente el \u00faltimo certamen del bahiense con la Selecci\u00f3n, comienza en 27 d\u00edas. \u00bfLlegar\u00e1 Manu? Seg\u00fan el sitio, la lesi\u00f3n fue provocada en los \u00faltimos juegos de San Antonio Spurs antes de conseguir el anillo de la NBA y se la detect\u00f3 en su fase temprana. Despu\u00e9s de una extensa temporada, Gin\u00f3bili dio muestras del cansancio acumulado a lo largo del a\u00f1o en las finales con Miami Heat, por lo que esta dolencia es un agregado a toda la carga f\u00edsica que sufri\u00f3.<\/span><\/p>\n<p><span style=\"line-height: 1.3em;\">El escolta del conjunto texano coment\u00f3 sus sensaciones ni bien la noticia se expandi\u00f3 por los medios. Lo hizo a trav\u00e9s de su cuenta en la red social Twitter, donde confirm\u00f3 las versiones sobre la molestia, aunque tambi\u00e9n trat\u00f3 de poner pa\u00f1os fr\u00edos a las especulaciones y se\u00f1al\u00f3 que su participaci\u00f3n en el Mundial a\u00fan no descartada. Su presencia en Espa\u00f1a estar\u00e1 condicionada a su evoluci\u00f3n. En el peor de los escenarios, y con el grado m\u00e1s elevado de fractura, al bahiense le llevar\u00e1, como m\u00ednimo, dos meses ponerse a punto para volver a la competencia.<\/span><\/p>\n<p><span style=\"line-height: 1.3em;\">Sin embargo, Gin\u00f3bili no se quedar\u00e1 con las primeras impresiones e ir\u00e1 por una segunda consulta para tener alternativas en cuanto a su tratamiento, que posiblemente realizar\u00e1 en la Argentina, donde tiene pensado desembarcar ma\u00f1ana.<\/span><span style=\"line-height: 1.3em;\">Adem\u00e1s de Manu, a quien m\u00e1s le preocupa la lesi\u00f3n es al entrenador de la Selecci\u00f3n de b\u00e1squet, Julio Lamas, que tendr\u00e1 que comenzar a alternar jugadores para ocupar el espacio que deje libre Gin\u00f3bili mientras est\u00e9 rehabilit\u00e1ndose.<\/span><span style=\"line-height: 1.3em;\">La esperanza es lo \u00faltimo que pierde la estrella de la NBA.<\/span><\/p>\n","protected":false},"excerpt":{"rendered":"<p>Los riesgos de lesionarse de un deportista en el alto rendimiento est\u00e1n siempre latentes. Y la preocupaci\u00f3n crece cuando hay un torneo importante a la vuelta de la esquina. Es lo que le ocurre al mejor basquetbolista de la historia argentina, Emanuel Gin\u00f3bili, que sufri\u00f3 una fractura por estr\u00e9s en su pierna derecha, de acuerdo [&hellip;]<\/p>\n","protected":false},"author":2,"featured_media":23614,"comment_status":"open","ping_status":"open","sticky":false,"template":"","format":"standard","meta":{"_et_pb_use_builder":"","_et_pb_old_content":"","_et_gb_content_width":"","footnotes":""},"categories":[48,14],"tags":[],"class_list":["post-23828","post","type-post","status-publish","format-standard","has-post-thumbnail","hentry","category-basquet","category-deportes"],"_links":{"self":[{"href":"https:\/\/vocesdebaires.com.ar\/index.php\/wp-json\/wp\/v2\/posts\/23828"}],"collection":[{"href":"https:\/\/vocesdebaires.com.ar\/index.php\/wp-json\/wp\/v2\/posts"}],"about":[{"href":"https:\/\/vocesdebaires.com.ar\/index.php\/wp-json\/wp\/v2\/types\/post"}],"author":[{"embeddable":true,"href":"https:\/\/vocesdebaires.com.ar\/index.php\/wp-json\/wp\/v2\/users\/2"}],"replies":[{"embeddable":true,"href":"https:\/\/vocesdebaires.com.ar\/index.php\/wp-json\/wp\/v2\/comments?post=23828"}],"version-history":[{"count":0,"href":"https:\/\/vocesdebaires.com.ar\/index.php\/wp-json\/wp\/v2\/posts\/23828\/revisions"}],"wp:featuredmedia":[{"embeddable":true,"href":"https:\/\/vocesdebaires.com.ar\/index.php\/wp-json\/wp\/v2\/media\/23614"}],"wp:attachment":[{"href":"https:\/\/vocesdebaires.com.ar\/index.php\/wp-json\/wp\/v2\/media?parent=23828"}],"wp:term":[{"taxonomy":"category","embeddable":true,"href":"https:\/\/vocesdebaires.com.ar\/index.php\/wp-json\/wp\/v2\/categories?post=23828"},{"taxonomy":"post_tag","embeddable":true,"href":"https:\/\/vocesdebaires.com.ar\/index.php\/wp-json\/wp\/v2\/tags?post=23828"}],"curies":[{"name":"wp","href":"https:\/\/api.w.org\/{rel}","templated":true}]}}