{"id":23848,"date":"2014-07-04T13:18:16","date_gmt":"2014-07-04T16:18:16","guid":{"rendered":"http:\/\/vocesdebaires.com.ar\/wordpress\/index.php\/2014\/07\/04\/personalidades-destacadas-un-medico-un-musico-y-una-cantante\/"},"modified":"2014-07-04T13:18:16","modified_gmt":"2014-07-04T16:18:16","slug":"personalidades-destacadas-un-medico-un-musico-y-una-cantante","status":"publish","type":"post","link":"https:\/\/vocesdebaires.com.ar\/index.php\/2014\/07\/04\/personalidades-destacadas-un-medico-un-musico-y-una-cantante\/","title":{"rendered":"Personalidades destacadas :Un m\u00e9dico, un m\u00fasico y una cantante"},"content":{"rendered":"<p><span style=\"line-height: 1.3em;\">El Cuerpo Parlamentario declar\u00f3 Personalidad Destacada de la Ciudad Aut\u00f3noma de Buenos Aires en el \u00e1mbito de la Salud al Dr. F\u00e9lix Cantarovich debido a que a lo largo de su carrera ha demostrado una destacable trayectoria en el campo de la trasplantolog\u00eda y nefrolog\u00eda y ha defendido la donaci\u00f3n de \u00f3rganos como fuente de salud y como el medio que posibilita la continuidad de la vida, tanto para el donante como para quien lo recibe. Realiz\u00f3 m\u00e1s de doscientos trabajos cient\u00edficos presentados en congresos y en la literatura internacional y actualmente es Consultor del Servicio de Reanimaci\u00f3n y Trasplantes del Hospital \u00abNecker\u00bb, de Paris -Francia; y Asesor de la Comisi\u00f3n de Salud y Asistencia Social de la Honorable C\u00e1mara de Diputados de la Naci\u00f3n, entre otras funciones. El impulsor de la iniciativa fue el diputado Oscar Moscariello (PRO ). Al momento de la votaci\u00f3n, argumentando que \u00abfue funcionario de la dictadura de Videla\u00bb, se abstuvieron los bloques VA, FIT, PSA y MST.<\/span><\/p>\n<p><span style=\"line-height: 1.3em;\">Tambi\u00e9n fue distinguido en el campo cultural el m\u00fasico y compositor argentino Carlos Mellino por ser del pu\u00f1ado de m\u00fasicos rockeros que se concentraron en Buenos Aires y dieron origen al rock en espa\u00f1ol. Form\u00f3 parte de la banda \u00abAlma &amp; Vida\u00bb y lanz\u00f3 cinco \u00e1lbumes, y luego de la disoluci\u00f3n de la misma inici\u00f3 su carrera solista. Compuso la banda de sonido de las obras teatrales escritas, dirigidas y protagonizadas de su hermano, el actor Esteban Mellino, entre otras destacadas acciones. La legisladora Raquel Herrero (PRO) es la autora de la distinci\u00f3n.<\/span><\/p>\n<p><span style=\"line-height: 1.3em;\">En tanto, por autor\u00eda de la legisladora Carmen Polledo (PRO) fue distinguida la cantante, actriz y bailarina Karina K en el \u00e1mbito de la Cultura. Particip\u00f3 en cine y TV en Argentina y Espa\u00f1a, y por su desempe\u00f1o en el teatro recibi\u00f3 los premios ACE, Teatros del Mundo y el Premio Konex 2011 como Int\u00e9rprete Femenina de Musical, entre otros.<\/span><\/p>\n","protected":false},"excerpt":{"rendered":"<p>El Cuerpo Parlamentario declar\u00f3 Personalidad Destacada de la Ciudad Aut\u00f3noma de Buenos Aires en el \u00e1mbito de la Salud al Dr. F\u00e9lix Cantarovich debido a que a lo largo de su carrera ha demostrado una destacable trayectoria en el campo de la trasplantolog\u00eda y nefrolog\u00eda y ha defendido la donaci\u00f3n de \u00f3rganos como fuente de [&hellip;]<\/p>\n","protected":false},"author":2,"featured_media":23849,"comment_status":"open","ping_status":"open","sticky":false,"template":"","format":"standard","meta":{"_et_pb_use_builder":"","_et_pb_old_content":"","_et_gb_content_width":"","footnotes":""},"categories":[11,44],"tags":[],"class_list":["post-23848","post","type-post","status-publish","format-standard","has-post-thumbnail","hentry","category-ciudad","category-funcionarios-de-la-caba"],"_links":{"self":[{"href":"https:\/\/vocesdebaires.com.ar\/index.php\/wp-json\/wp\/v2\/posts\/23848"}],"collection":[{"href":"https:\/\/vocesdebaires.com.ar\/index.php\/wp-json\/wp\/v2\/posts"}],"about":[{"href":"https:\/\/vocesdebaires.com.ar\/index.php\/wp-json\/wp\/v2\/types\/post"}],"author":[{"embeddable":true,"href":"https:\/\/vocesdebaires.com.ar\/index.php\/wp-json\/wp\/v2\/users\/2"}],"replies":[{"embeddable":true,"href":"https:\/\/vocesdebaires.com.ar\/index.php\/wp-json\/wp\/v2\/comments?post=23848"}],"version-history":[{"count":0,"href":"https:\/\/vocesdebaires.com.ar\/index.php\/wp-json\/wp\/v2\/posts\/23848\/revisions"}],"wp:featuredmedia":[{"embeddable":true,"href":"https:\/\/vocesdebaires.com.ar\/index.php\/wp-json\/wp\/v2\/media\/23849"}],"wp:attachment":[{"href":"https:\/\/vocesdebaires.com.ar\/index.php\/wp-json\/wp\/v2\/media?parent=23848"}],"wp:term":[{"taxonomy":"category","embeddable":true,"href":"https:\/\/vocesdebaires.com.ar\/index.php\/wp-json\/wp\/v2\/categories?post=23848"},{"taxonomy":"post_tag","embeddable":true,"href":"https:\/\/vocesdebaires.com.ar\/index.php\/wp-json\/wp\/v2\/tags?post=23848"}],"curies":[{"name":"wp","href":"https:\/\/api.w.org\/{rel}","templated":true}]}}