{"id":23852,"date":"2014-07-04T13:52:18","date_gmt":"2014-07-04T16:52:18","guid":{"rendered":"http:\/\/vocesdebaires.com.ar\/wordpress\/index.php\/2014\/07\/04\/huespedes-de-honorcantante-dominicano-y-politico-costarricense\/"},"modified":"2014-07-04T13:52:18","modified_gmt":"2014-07-04T16:52:18","slug":"huespedes-de-honorcantante-dominicano-y-politico-costarricense","status":"publish","type":"post","link":"https:\/\/vocesdebaires.com.ar\/index.php\/2014\/07\/04\/huespedes-de-honorcantante-dominicano-y-politico-costarricense\/","title":{"rendered":"Hu\u00e9spedes de Honor:Cantante dominicano y pol\u00edtico costarricense"},"content":{"rendered":"<p><span style=\"line-height: 1.3em;\">Fue declarado Hu\u00e9sped de Honor de la Ciudad de Buenos Aires Jos\u00e9 Alberto Justiniano And\u00fajar \u00abEl Canario\u00bb, cantante nacido en la Rep\u00fablica Dominicana, quien pr\u00f3ximamente visitar\u00e1 nuestra Ciudad. \u00abEl Canario\u00bb se mud\u00f3 a Puerto Rico con su familia en la edad de 7 a\u00f1os, e inspirado por la m\u00fasica latina puli\u00f3 su canto en la Academia Militar de Las Antillas. <\/span><\/p>\n<p><span style=\"line-height: 1.3em;\">Se traslad\u00f3 a Nueva York -EUA- en los inicios de 1970, cant\u00f3 con varias orquestas y fue conocido a nivel internacional como el l\u00edder de la T\u00edpica 73 en octubre de 1977. El Vicepresidente I, diputado Cristian Ritondo (PRO), fue el impulsor de este proyecto aprobado sobre tablas sin discursos, con la abstenci\u00f3n del bloque Coalici\u00f3n C\u00edvica.<\/span><\/p>\n<p><span style=\"line-height: 1.3em;\">Del mismo autor, recibi\u00f3 igual reconocimiento el Dr. Kevin Roberto Casas Zamora, pol\u00edtico, ex Vicepresidente de la Rep\u00fablica de Costa Rica y actual Secretario de Asuntos Pol\u00edticos en la Organizaci\u00f3n de los Estados Americanos -OEA- quien visita Buenos Aires hasta este jueves. Al momento de la votaci\u00f3n se abstuvieron los bloques NE, PS, SUMA+, CC, FIT, MST, PSA, PS y SL.<\/span><\/p>\n","protected":false},"excerpt":{"rendered":"<p>Fue declarado Hu\u00e9sped de Honor de la Ciudad de Buenos Aires Jos\u00e9 Alberto Justiniano And\u00fajar \u00abEl Canario\u00bb, cantante nacido en la Rep\u00fablica Dominicana, quien pr\u00f3ximamente visitar\u00e1 nuestra Ciudad. \u00abEl Canario\u00bb se mud\u00f3 a Puerto Rico con su familia en la edad de 7 a\u00f1os, e inspirado por la m\u00fasica latina puli\u00f3 su canto en la [&hellip;]<\/p>\n","protected":false},"author":2,"featured_media":23853,"comment_status":"open","ping_status":"open","sticky":false,"template":"","format":"standard","meta":{"_et_pb_use_builder":"","_et_pb_old_content":"","_et_gb_content_width":"","footnotes":""},"categories":[11,44],"tags":[],"class_list":["post-23852","post","type-post","status-publish","format-standard","has-post-thumbnail","hentry","category-ciudad","category-funcionarios-de-la-caba"],"_links":{"self":[{"href":"https:\/\/vocesdebaires.com.ar\/index.php\/wp-json\/wp\/v2\/posts\/23852"}],"collection":[{"href":"https:\/\/vocesdebaires.com.ar\/index.php\/wp-json\/wp\/v2\/posts"}],"about":[{"href":"https:\/\/vocesdebaires.com.ar\/index.php\/wp-json\/wp\/v2\/types\/post"}],"author":[{"embeddable":true,"href":"https:\/\/vocesdebaires.com.ar\/index.php\/wp-json\/wp\/v2\/users\/2"}],"replies":[{"embeddable":true,"href":"https:\/\/vocesdebaires.com.ar\/index.php\/wp-json\/wp\/v2\/comments?post=23852"}],"version-history":[{"count":0,"href":"https:\/\/vocesdebaires.com.ar\/index.php\/wp-json\/wp\/v2\/posts\/23852\/revisions"}],"wp:featuredmedia":[{"embeddable":true,"href":"https:\/\/vocesdebaires.com.ar\/index.php\/wp-json\/wp\/v2\/media\/23853"}],"wp:attachment":[{"href":"https:\/\/vocesdebaires.com.ar\/index.php\/wp-json\/wp\/v2\/media?parent=23852"}],"wp:term":[{"taxonomy":"category","embeddable":true,"href":"https:\/\/vocesdebaires.com.ar\/index.php\/wp-json\/wp\/v2\/categories?post=23852"},{"taxonomy":"post_tag","embeddable":true,"href":"https:\/\/vocesdebaires.com.ar\/index.php\/wp-json\/wp\/v2\/tags?post=23852"}],"curies":[{"name":"wp","href":"https:\/\/api.w.org\/{rel}","templated":true}]}}