{"id":23864,"date":"2014-07-08T13:17:51","date_gmt":"2014-07-08T16:17:51","guid":{"rendered":"http:\/\/vocesdebaires.com.ar\/wordpress\/index.php\/2014\/07\/08\/vidal-recorrio-esteban-echeverria\/"},"modified":"2014-07-08T13:17:51","modified_gmt":"2014-07-08T16:17:51","slug":"vidal-recorrio-esteban-echeverria","status":"publish","type":"post","link":"https:\/\/vocesdebaires.com.ar\/index.php\/2014\/07\/08\/vidal-recorrio-esteban-echeverria\/","title":{"rendered":"Vidal recorri\u00f3 Esteban  Echeverr\u00eda"},"content":{"rendered":"<p><span style=\"line-height: 1.3em;\"> La referente del PRO bonaerense Mar\u00eda Eugenia Vidal contin\u00faa con sus recorridas por la provincia de Buenos Aires.Estuvo en el partido de Esteban <\/span><span style=\"line-height: 1.3em;\">Echeverr\u00eda<\/span><span style=\"line-height: 1.3em;\">, donde visit\u00f3 el Comedor comunitario Los Peques de Santa Luc\u00eda y comparti\u00f3 una merienda con los chicos y sus padres.<\/span><\/p>\n<p><span style=\"line-height: 1.3em;\">\u201cEstoy entusiasmada por el trabajo solidario y esfuerzo que realizan en este comedor, porque transmiten que la realidad se puede cambiar. Imag\u00ednense lo que podr\u00edan hacer con apoyo del Estado, por eso tenemos que acompa\u00f1arlos y sostenerlos\u201d, se\u00f1al\u00f3 Vidal. \u201cEso es lo que se viene en 2015: un trabajo cerca de la gente que ayuda al otro\u00bb, asegur\u00f3.<\/span><\/p>\n<p><span style=\"line-height: 1.3em;\">Acompa\u00f1ada por el Legislador Federico Salvai y por el referente local Evert Van Tooren, Vidal se reuni\u00f3 con vecinos en el local partidario de PRO. Visit\u00f3 adem\u00e1s un Centro de jubilados de Luis Guill\u00f3n, donde mantuvo una charla y mateada con los adultos mayores.<\/span><\/p>\n","protected":false},"excerpt":{"rendered":"<p>La referente del PRO bonaerense Mar\u00eda Eugenia Vidal contin\u00faa con sus recorridas por la provincia de Buenos Aires.Estuvo en el partido de Esteban Echeverr\u00eda, donde visit\u00f3 el Comedor comunitario Los Peques de Santa Luc\u00eda y comparti\u00f3 una merienda con los chicos y sus padres. \u201cEstoy entusiasmada por el trabajo solidario y esfuerzo que realizan en [&hellip;]<\/p>\n","protected":false},"author":2,"featured_media":23865,"comment_status":"open","ping_status":"open","sticky":false,"template":"","format":"standard","meta":{"_et_pb_use_builder":"","_et_pb_old_content":"","_et_gb_content_width":"","footnotes":""},"categories":[11,44],"tags":[],"class_list":["post-23864","post","type-post","status-publish","format-standard","has-post-thumbnail","hentry","category-ciudad","category-funcionarios-de-la-caba"],"_links":{"self":[{"href":"https:\/\/vocesdebaires.com.ar\/index.php\/wp-json\/wp\/v2\/posts\/23864"}],"collection":[{"href":"https:\/\/vocesdebaires.com.ar\/index.php\/wp-json\/wp\/v2\/posts"}],"about":[{"href":"https:\/\/vocesdebaires.com.ar\/index.php\/wp-json\/wp\/v2\/types\/post"}],"author":[{"embeddable":true,"href":"https:\/\/vocesdebaires.com.ar\/index.php\/wp-json\/wp\/v2\/users\/2"}],"replies":[{"embeddable":true,"href":"https:\/\/vocesdebaires.com.ar\/index.php\/wp-json\/wp\/v2\/comments?post=23864"}],"version-history":[{"count":0,"href":"https:\/\/vocesdebaires.com.ar\/index.php\/wp-json\/wp\/v2\/posts\/23864\/revisions"}],"wp:featuredmedia":[{"embeddable":true,"href":"https:\/\/vocesdebaires.com.ar\/index.php\/wp-json\/wp\/v2\/media\/23865"}],"wp:attachment":[{"href":"https:\/\/vocesdebaires.com.ar\/index.php\/wp-json\/wp\/v2\/media?parent=23864"}],"wp:term":[{"taxonomy":"category","embeddable":true,"href":"https:\/\/vocesdebaires.com.ar\/index.php\/wp-json\/wp\/v2\/categories?post=23864"},{"taxonomy":"post_tag","embeddable":true,"href":"https:\/\/vocesdebaires.com.ar\/index.php\/wp-json\/wp\/v2\/tags?post=23864"}],"curies":[{"name":"wp","href":"https:\/\/api.w.org\/{rel}","templated":true}]}}