{"id":23876,"date":"2014-07-08T18:55:13","date_gmt":"2014-07-08T21:55:13","guid":{"rendered":"http:\/\/vocesdebaires.com.ar\/wordpress\/index.php\/2014\/07\/08\/legislatura-despedida-a-polesello-artista-plastico\/"},"modified":"2014-07-08T18:55:13","modified_gmt":"2014-07-08T21:55:13","slug":"legislatura-despedida-a-polesello-artista-plastico","status":"publish","type":"post","link":"https:\/\/vocesdebaires.com.ar\/index.php\/2014\/07\/08\/legislatura-despedida-a-polesello-artista-plastico\/","title":{"rendered":"Legislatura: Despedida a Polesello, artista pl\u00e1stico"},"content":{"rendered":"<p><span style=\"line-height: 1.3em;\">Bajo el intenso fr\u00edo de una ma\u00f1ana soleada acompa\u00f1ado por familiares entre ellos su viuda Nan\u00e1, su hermano Osvaldo y su sobrina Daniela; amigos de la comunidad art\u00edstica y admiradores, el f\u00e9retro portando a quien con la luz hac\u00eda arte fue retirado por la Puerta de Honor que da a la Diagonal Sur con destino a un cementerio de la localidad bonaerense de Pilar.<\/span><\/p>\n<p>Rogelio Polesello, considerado uno de los mayores exponentes del arte \u00f3ptico en Sudam\u00e9rica, hab\u00eda nacido en la Ciudad de Buenos Aires en julio del a\u00f1o 1939. Transit\u00f3 por distintos lugares del llamado abstraccionismo geom\u00e9trico. En la Sesi\u00f3n Ordinaria del 23 de mayo del a\u00f1o pasado la Legislatura lo declar\u00f3 Personalidad Destacada de la Ciudad Aut\u00f3noma de Buenos Aires en el \u00e1mbito de la Cultura, por iniciativa de los diputados Cristian Ritondo, Vicepresidente Primero del Cuerpo parlamentario y Jorge Garayalde (PRO).<\/p>\n<p>Los legisladores lo consideraron \u00abuno de los artistas no figurativos influyentes del arte Argentino y Latinoamericano. Desde fines de la d\u00e9cada del 50, la obra de Rogelio Polesello no ha cesado de asombrarnos en cada una de sus etapas, por sus espectaculares creaciones que han sido multipremiadas y valoradas a nivel nacional e internacional\u00bb.<span style=\"line-height: 1.3em;\">El pasado domingo el arte por un momento qued\u00f3 a oscuras, pero el magistral tratamiento que Rogelio Polesello hizo de la luz queda en sus obras interpel\u00e1ndonos a mirar al mundo de otra manera.<\/span><\/p>\n<p>Imagen: El cortejo parti\u00f3 desde la Puerta de Honor del Palacio Legislativo<\/p>\n","protected":false},"excerpt":{"rendered":"<p>Bajo el intenso fr\u00edo de una ma\u00f1ana soleada acompa\u00f1ado por familiares entre ellos su viuda Nan\u00e1, su hermano Osvaldo y su sobrina Daniela; amigos de la comunidad art\u00edstica y admiradores, el f\u00e9retro portando a quien con la luz hac\u00eda arte fue retirado por la Puerta de Honor que da a la Diagonal Sur con destino [&hellip;]<\/p>\n","protected":false},"author":2,"featured_media":23877,"comment_status":"open","ping_status":"open","sticky":false,"template":"","format":"standard","meta":{"_et_pb_use_builder":"","_et_pb_old_content":"","_et_gb_content_width":"","footnotes":""},"categories":[11,44],"tags":[],"class_list":["post-23876","post","type-post","status-publish","format-standard","has-post-thumbnail","hentry","category-ciudad","category-funcionarios-de-la-caba"],"_links":{"self":[{"href":"https:\/\/vocesdebaires.com.ar\/index.php\/wp-json\/wp\/v2\/posts\/23876"}],"collection":[{"href":"https:\/\/vocesdebaires.com.ar\/index.php\/wp-json\/wp\/v2\/posts"}],"about":[{"href":"https:\/\/vocesdebaires.com.ar\/index.php\/wp-json\/wp\/v2\/types\/post"}],"author":[{"embeddable":true,"href":"https:\/\/vocesdebaires.com.ar\/index.php\/wp-json\/wp\/v2\/users\/2"}],"replies":[{"embeddable":true,"href":"https:\/\/vocesdebaires.com.ar\/index.php\/wp-json\/wp\/v2\/comments?post=23876"}],"version-history":[{"count":0,"href":"https:\/\/vocesdebaires.com.ar\/index.php\/wp-json\/wp\/v2\/posts\/23876\/revisions"}],"wp:featuredmedia":[{"embeddable":true,"href":"https:\/\/vocesdebaires.com.ar\/index.php\/wp-json\/wp\/v2\/media\/23877"}],"wp:attachment":[{"href":"https:\/\/vocesdebaires.com.ar\/index.php\/wp-json\/wp\/v2\/media?parent=23876"}],"wp:term":[{"taxonomy":"category","embeddable":true,"href":"https:\/\/vocesdebaires.com.ar\/index.php\/wp-json\/wp\/v2\/categories?post=23876"},{"taxonomy":"post_tag","embeddable":true,"href":"https:\/\/vocesdebaires.com.ar\/index.php\/wp-json\/wp\/v2\/tags?post=23876"}],"curies":[{"name":"wp","href":"https:\/\/api.w.org\/{rel}","templated":true}]}}