{"id":2389,"date":"2020-05-21T03:38:50","date_gmt":"2020-05-21T06:38:50","guid":{"rendered":"http:\/\/vocesdebaires.com.ar\/wordpress\/index.php\/2020\/05\/21\/se-analizo-la-actividad-de-las-comunas\/"},"modified":"2020-05-21T03:38:50","modified_gmt":"2020-05-21T06:38:50","slug":"se-analizo-la-actividad-de-las-comunas","status":"publish","type":"post","link":"https:\/\/vocesdebaires.com.ar\/index.php\/2020\/05\/21\/se-analizo-la-actividad-de-las-comunas\/","title":{"rendered":"Se analiz\u00f3 la actividad de las Comunas"},"content":{"rendered":"<p>El secretario de Atenci\u00f3n y Gesti\u00f3n Ciudadana del Gobierno porte\u00f1o, Facundo Carrillo, expuso ante la comisi\u00f3n legislativa de Descentralizaci\u00f3n y Participaci\u00f3n Ciudadana, que preside Leandro Santoro (FdT), y respondi\u00f3 a las inquietudes y propuestas de los legisladores de la Ciudad de Buenos Aires en lo referido a los aportes a las 15 comunas. Entre otras misiones y atribuciones vinculadas directamente con las necesidades de los vecinos, a esa repartici\u00f3n de la Jefatura de Gobierno le compete \u201centender en la planificaci\u00f3n y el control de la ejecuci\u00f3n de las obras p\u00fablicas, proyectos y planes de impacto comunal y del espacio comunal, en coordinaci\u00f3n con las \u00e1reas competentes y de forma concurrente con las Comunas\u201d.<\/p>\n<p>El funcionario Carrillo explic\u00f3 el programa planificado para este 2020 con las Comunas, que se ve afectado en lo presupuestario y tambi\u00e9n en la parte operativa como consecuencia de la pandemia y las medidas de emergencia sanitaria, as\u00ed como por la ca\u00edda de la recaudaci\u00f3n impositiva. Dejando de lado los servicios esenciales y de mantenimiento que se siguen cumpliendo y el pago de compromisos salariales, del resto se est\u00e1 ejecutando apenas la mitad de las inversiones previstas, lo cual obliga a una permanente replanificaci\u00f3n, explic\u00f3. La tem\u00e1tica abarc\u00f3 las tareas de arbolado, mejoras y cuidados en espacios verdes, construcci\u00f3n o reparaci\u00f3n de veredas y una variedad de soluciones puntuales a demandas imprevistas de los hairanets de cada barrio.<\/p>\n<p>Tambi\u00e9n se abordaron asuntos inherentes a la recaudaci\u00f3n impositiva en las sedes comunales, la participaci\u00f3n en el cuidado de las medidas preventivas en materia de salud p\u00fablica, la defensa del consumidor y la asistencia alimentaria a sectores, barriadas o grupos de personas en estado de carencia, donde se aclar\u00f3 que la ayuda alimentaria corresponde al Ministerio de Desarrollo Humano y Habitat. Desde la oposici\u00f3n se pidi\u00f3 darle mayor importancia y visibilidad p\u00fablica al Consejo de Coordinaci\u00f3n Intercomunal y que los comuneros usen nuevas tecnolog\u00edas para no interrumpir sus deliberaciones e intercambios. El secretario Carrillo se manifest\u00f3 de acuerdo pero aclar\u00f3 que esas son cuestiones que deben decidir las propias juntas comunales.<\/p>\n","protected":false},"excerpt":{"rendered":"<p>El secretario de Atenci\u00f3n y Gesti\u00f3n Ciudadana del Gobierno porte\u00f1o, Facundo Carrillo, expuso ante la comisi\u00f3n legislativa de Descentralizaci\u00f3n y Participaci\u00f3n Ciudadana, que preside Leandro Santoro (FdT), y respondi\u00f3 a las inquietudes y propuestas de los legisladores de la Ciudad de Buenos Aires en lo referido a los aportes a las 15 comunas. Entre otras [&hellip;]<\/p>\n","protected":false},"author":1,"featured_media":2390,"comment_status":"open","ping_status":"open","sticky":false,"template":"","format":"standard","meta":{"_et_pb_use_builder":"","_et_pb_old_content":"","_et_gb_content_width":"","footnotes":""},"categories":[11,32],"tags":[],"class_list":["post-2389","post","type-post","status-publish","format-standard","has-post-thumbnail","hentry","category-ciudad","category-comunas"],"_links":{"self":[{"href":"https:\/\/vocesdebaires.com.ar\/index.php\/wp-json\/wp\/v2\/posts\/2389"}],"collection":[{"href":"https:\/\/vocesdebaires.com.ar\/index.php\/wp-json\/wp\/v2\/posts"}],"about":[{"href":"https:\/\/vocesdebaires.com.ar\/index.php\/wp-json\/wp\/v2\/types\/post"}],"author":[{"embeddable":true,"href":"https:\/\/vocesdebaires.com.ar\/index.php\/wp-json\/wp\/v2\/users\/1"}],"replies":[{"embeddable":true,"href":"https:\/\/vocesdebaires.com.ar\/index.php\/wp-json\/wp\/v2\/comments?post=2389"}],"version-history":[{"count":0,"href":"https:\/\/vocesdebaires.com.ar\/index.php\/wp-json\/wp\/v2\/posts\/2389\/revisions"}],"wp:featuredmedia":[{"embeddable":true,"href":"https:\/\/vocesdebaires.com.ar\/index.php\/wp-json\/wp\/v2\/media\/2390"}],"wp:attachment":[{"href":"https:\/\/vocesdebaires.com.ar\/index.php\/wp-json\/wp\/v2\/media?parent=2389"}],"wp:term":[{"taxonomy":"category","embeddable":true,"href":"https:\/\/vocesdebaires.com.ar\/index.php\/wp-json\/wp\/v2\/categories?post=2389"},{"taxonomy":"post_tag","embeddable":true,"href":"https:\/\/vocesdebaires.com.ar\/index.php\/wp-json\/wp\/v2\/tags?post=2389"}],"curies":[{"name":"wp","href":"https:\/\/api.w.org\/{rel}","templated":true}]}}