{"id":23918,"date":"2014-07-11T18:46:12","date_gmt":"2014-07-11T21:46:12","guid":{"rendered":"http:\/\/vocesdebaires.com.ar\/wordpress\/index.php\/2014\/07\/11\/vidal-si-trabajamos-juntos-la-gente-esta-mejor\/"},"modified":"2014-07-11T18:46:12","modified_gmt":"2014-07-11T21:46:12","slug":"vidal-si-trabajamos-juntos-la-gente-esta-mejor","status":"publish","type":"post","link":"https:\/\/vocesdebaires.com.ar\/index.php\/2014\/07\/11\/vidal-si-trabajamos-juntos-la-gente-esta-mejor\/","title":{"rendered":"Vidal: \u00abSi trabajamos juntos, la gente est\u00e1 mejor\u00bb"},"content":{"rendered":"<p><span style=\"line-height: 1.3em;\"> La referente del Pro Mar\u00eda Eugenia Vidal visit\u00f3 \u00a0la ciudad de Chacabuco donde fue declarada Hu\u00e9sped de Honor por el presidente del Concejo Deliberante, Claudio Geloso (Frente para la Victoria), y remarc\u00f3 que \u201cuno no renuncia a su identidad y convicciones por juntarse con quienes piensan distinto. Si trabajamos juntos, la gente est\u00e1 mejor\u201d.<\/span><span style=\"line-height: 1.3em;\">A su vez Geloso, acompa\u00f1ado por los bloque del FpV, Pro y Gen, destac\u00f3 que \u00abVidal tiene una filosof\u00eda de acercamiento m\u00e1s all\u00e1 de las diferencias pol\u00edticas. Y este decreto es una muestra de convivencia\u00bb.<\/span><\/p>\n<p><span style=\"line-height: 1.3em;\">Consultada por la prensa sobre la situaci\u00f3n procesal del vicepresidente Amado Boudou, la vicejefa porte\u00f1a se\u00f1al\u00f3 que \u201ces grave que el Gobierno Nacional act\u00fae como si no pasara nada cuando la realidad muestra otra cosa\u201d y agreg\u00f3 que \u201chay un camino judicial que va a continuar, pero Boudou debe que dar la cara. Y dar la cara no es ir a un acto con un discurso para la tribuna\u201d.<\/span><span style=\"line-height: 1.3em;\">\u201cCuando uno es inocente de verdad y no tiene nada que esconder, no tiene problemas en contestar preguntas. Cuando uno se esconde y se protege detr\u00e1s de privilegios que le da el cargo, es porque seguramente tiene algo que ocultar\u201d, sostuvo Vidal acompa\u00f1ada por la concejal del Pro, Graciela Rodr\u00edguez de Juli\u00e1.<\/span><\/p>\n<p><span style=\"line-height: 1.3em;\">En ese sentido Vidal manifest\u00f3: \u201cQueremos gente que trabaje de otra manera, que vea la pol\u00edtica como una vocaci\u00f3n de servicio no como un lugar donde uno se hace rico\u201d.<\/span><span style=\"line-height: 1.3em;\">Durante la visita Vidal visit\u00f3 el Hogar San Jos\u00e9 y recorri\u00f3 las calles c\u00e9ntricas de Chacabuco para dialogar con vecinos y comerciantes. \u201cLo que el Pro hace es escuchar, estar cerca de los problemas de los vecinos y, a partir de ah\u00ed, trabajar con sus referentes y buscar una soluci\u00f3n a cada uno de los problemas\u201d, afirm\u00f3.<\/span><\/p>\n","protected":false},"excerpt":{"rendered":"<p>La referente del Pro Mar\u00eda Eugenia Vidal visit\u00f3 \u00a0la ciudad de Chacabuco donde fue declarada Hu\u00e9sped de Honor por el presidente del Concejo Deliberante, Claudio Geloso (Frente para la Victoria), y remarc\u00f3 que \u201cuno no renuncia a su identidad y convicciones por juntarse con quienes piensan distinto. Si trabajamos juntos, la gente est\u00e1 mejor\u201d.A su [&hellip;]<\/p>\n","protected":false},"author":2,"featured_media":23919,"comment_status":"open","ping_status":"open","sticky":false,"template":"","format":"standard","meta":{"_et_pb_use_builder":"","_et_pb_old_content":"","_et_gb_content_width":"","footnotes":""},"categories":[11,44],"tags":[],"class_list":["post-23918","post","type-post","status-publish","format-standard","has-post-thumbnail","hentry","category-ciudad","category-funcionarios-de-la-caba"],"_links":{"self":[{"href":"https:\/\/vocesdebaires.com.ar\/index.php\/wp-json\/wp\/v2\/posts\/23918"}],"collection":[{"href":"https:\/\/vocesdebaires.com.ar\/index.php\/wp-json\/wp\/v2\/posts"}],"about":[{"href":"https:\/\/vocesdebaires.com.ar\/index.php\/wp-json\/wp\/v2\/types\/post"}],"author":[{"embeddable":true,"href":"https:\/\/vocesdebaires.com.ar\/index.php\/wp-json\/wp\/v2\/users\/2"}],"replies":[{"embeddable":true,"href":"https:\/\/vocesdebaires.com.ar\/index.php\/wp-json\/wp\/v2\/comments?post=23918"}],"version-history":[{"count":0,"href":"https:\/\/vocesdebaires.com.ar\/index.php\/wp-json\/wp\/v2\/posts\/23918\/revisions"}],"wp:featuredmedia":[{"embeddable":true,"href":"https:\/\/vocesdebaires.com.ar\/index.php\/wp-json\/wp\/v2\/media\/23919"}],"wp:attachment":[{"href":"https:\/\/vocesdebaires.com.ar\/index.php\/wp-json\/wp\/v2\/media?parent=23918"}],"wp:term":[{"taxonomy":"category","embeddable":true,"href":"https:\/\/vocesdebaires.com.ar\/index.php\/wp-json\/wp\/v2\/categories?post=23918"},{"taxonomy":"post_tag","embeddable":true,"href":"https:\/\/vocesdebaires.com.ar\/index.php\/wp-json\/wp\/v2\/tags?post=23918"}],"curies":[{"name":"wp","href":"https:\/\/api.w.org\/{rel}","templated":true}]}}