{"id":23920,"date":"2014-07-11T19:09:23","date_gmt":"2014-07-11T22:09:23","guid":{"rendered":"http:\/\/vocesdebaires.com.ar\/wordpress\/index.php\/2014\/07\/11\/michetti-acompanaria-a-macri-en-la-formula-presidencial\/"},"modified":"2014-07-11T19:09:23","modified_gmt":"2014-07-11T22:09:23","slug":"michetti-acompanaria-a-macri-en-la-formula-presidencial","status":"publish","type":"post","link":"https:\/\/vocesdebaires.com.ar\/index.php\/2014\/07\/11\/michetti-acompanaria-a-macri-en-la-formula-presidencial\/","title":{"rendered":"Michetti acompa\u00f1ar\u00eda a Macri en la f\u00f3rmula presidencial"},"content":{"rendered":"<p><span style=\"line-height: 1.3em;\">La senadora nacional Gabriela Michetti consider\u00f3 anoche \u00abs\u00faper honorable\u00bb ser considerada para compartir la f\u00f3rmula presidencial con Mauricio Macri en 2015, pero sostuvo que le \u00abgusta\u00bb la \u00abidea\u00bb de sucederlo en la Ciudad en pos de ampliar el \u00abproyecto\u00bb del Pro.<\/span><span style=\"line-height: 1.3em;\">\u00abMe parece s\u00faper honorable poder estar en una f\u00f3rmula con Mauricio, todo el mundo sabe lo que lo respeto y el afecto que le tengo\u00bb, dijo Michetti, pero reconoci\u00f3 que tambi\u00e9n le \u00abgusta\u00bb la \u00abidea\u00bb de sucederlo en la Ciudad en el pr\u00f3ximo turno electoral.<\/span><\/p>\n<p><span style=\"line-height: 1.3em;\">En declaraciones, la senadora justific\u00f3 sus intenciones de suceder a Macri en la Jefatura de Gobierno en la necesidad de \u00abtener un proyecto enorme\u00bb para el Pro \u00abde 2015 en adelante\u00bb, lo que requiere, subray\u00f3, de un \u00abesfuerzo\u00bb de todos los integrantes del espacio para ser \u00abrepresentativos\u00bb. <\/span><span style=\"line-height: 1.3em;\">Pese a que aclar\u00f3 que a\u00fan \u00abno se ve\u00bb en ninguna de las dos candidaturas, destac\u00f3 \u00abtener tiempo\u00bb para decidirse y valor\u00f3: \u00abEs lindo tener en la vida pol\u00edtica la posibilidad de elegir, y que la gente conf\u00eda en lo que puedo hacer\u00bb.<\/span><\/p>\n<p><span style=\"line-height: 1.3em;\">De esa manera, pareci\u00f3 desairar el deseo de su jefe pol\u00edtico, que hace pocos d\u00edas dijo que ser\u00eda \u00abun lujo\u00bb que Michetti la acompa\u00f1ara en la f\u00f3rmula presidencial de 2015, en caso de volcarse por una nominaci\u00f3n en la Ciudad. <\/span><span style=\"line-height: 1.3em;\">Michetti reiter\u00f3 que, por ahora, \u00abla \u00fanica candidatura clara del Pro es la de Macri\u00bb, y convoc\u00f3 a que la \u00abtercera v\u00eda\u00bb implementada en la Ciudad se traslade a todo el pa\u00eds, al sostener que \u00abes algo diferente a lo que venimos viviendo desde hace 30 a\u00f1os\u00bb.<\/span><\/p>\n","protected":false},"excerpt":{"rendered":"<p>La senadora nacional Gabriela Michetti consider\u00f3 anoche \u00abs\u00faper honorable\u00bb ser considerada para compartir la f\u00f3rmula presidencial con Mauricio Macri en 2015, pero sostuvo que le \u00abgusta\u00bb la \u00abidea\u00bb de sucederlo en la Ciudad en pos de ampliar el \u00abproyecto\u00bb del Pro.\u00abMe parece s\u00faper honorable poder estar en una f\u00f3rmula con Mauricio, todo el mundo sabe [&hellip;]<\/p>\n","protected":false},"author":2,"featured_media":23921,"comment_status":"open","ping_status":"open","sticky":false,"template":"","format":"standard","meta":{"_et_pb_use_builder":"","_et_pb_old_content":"","_et_gb_content_width":"","footnotes":""},"categories":[11,44],"tags":[],"class_list":["post-23920","post","type-post","status-publish","format-standard","has-post-thumbnail","hentry","category-ciudad","category-funcionarios-de-la-caba"],"_links":{"self":[{"href":"https:\/\/vocesdebaires.com.ar\/index.php\/wp-json\/wp\/v2\/posts\/23920"}],"collection":[{"href":"https:\/\/vocesdebaires.com.ar\/index.php\/wp-json\/wp\/v2\/posts"}],"about":[{"href":"https:\/\/vocesdebaires.com.ar\/index.php\/wp-json\/wp\/v2\/types\/post"}],"author":[{"embeddable":true,"href":"https:\/\/vocesdebaires.com.ar\/index.php\/wp-json\/wp\/v2\/users\/2"}],"replies":[{"embeddable":true,"href":"https:\/\/vocesdebaires.com.ar\/index.php\/wp-json\/wp\/v2\/comments?post=23920"}],"version-history":[{"count":0,"href":"https:\/\/vocesdebaires.com.ar\/index.php\/wp-json\/wp\/v2\/posts\/23920\/revisions"}],"wp:featuredmedia":[{"embeddable":true,"href":"https:\/\/vocesdebaires.com.ar\/index.php\/wp-json\/wp\/v2\/media\/23921"}],"wp:attachment":[{"href":"https:\/\/vocesdebaires.com.ar\/index.php\/wp-json\/wp\/v2\/media?parent=23920"}],"wp:term":[{"taxonomy":"category","embeddable":true,"href":"https:\/\/vocesdebaires.com.ar\/index.php\/wp-json\/wp\/v2\/categories?post=23920"},{"taxonomy":"post_tag","embeddable":true,"href":"https:\/\/vocesdebaires.com.ar\/index.php\/wp-json\/wp\/v2\/tags?post=23920"}],"curies":[{"name":"wp","href":"https:\/\/api.w.org\/{rel}","templated":true}]}}