{"id":23941,"date":"2014-07-16T12:42:13","date_gmt":"2014-07-16T15:42:13","guid":{"rendered":"http:\/\/vocesdebaires.com.ar\/wordpress\/index.php\/2014\/07\/16\/legislatura-rodriguez-larreta-informo-sobre-la-gestion-del-ejecutivo\/"},"modified":"2014-07-16T12:42:13","modified_gmt":"2014-07-16T15:42:13","slug":"legislatura-rodriguez-larreta-informo-sobre-la-gestion-del-ejecutivo","status":"publish","type":"post","link":"https:\/\/vocesdebaires.com.ar\/index.php\/2014\/07\/16\/legislatura-rodriguez-larreta-informo-sobre-la-gestion-del-ejecutivo\/","title":{"rendered":"Legislatura :  Rodr\u00edguez Larreta inform\u00f3 sobre la gesti\u00f3n del Ejecutivo"},"content":{"rendered":"<p><span style=\"line-height: 1.3em;\">El Jefe de Gabinete de Ministros del Gobierno de la Ciudad Aut\u00f3noma de Buenos Aires, Lic. Horacio Rodr\u00edguez Larreta, present\u00f3 ante el Cuerpo parlamentario una s\u00edntesis de la gesti\u00f3n que lleva adelante el Ejecutivo haciendo hincapi\u00e9 en los \u00faltimos seis meses, durante un informe que brind\u00f3 hoy en el marco de una Sesi\u00f3n Especial presidida por la Presidenta de la Legislatura porte\u00f1a y Vicejefa de Gobierno, Mar\u00eda Eugenia Vidal.<\/span><\/p>\n<p>Rodr\u00edguez Larreta, comenz\u00f3 a las 13.30 horas su exposici\u00f3n con el objeto de brindar el primer informe semestral del a\u00f1o acerca de la marcha del Plan General ejecutado por el Poder Ejecutivo que encabeza el Ing. Mauricio Macri. \u00abLa \u00faltima vez que vine a esta Legislatura destaqu\u00e9 la importancia de trabajar en equipo. Desde entonces pudimos avanzar en muchos temas que hoy los vecinos agradecen\u00bb, expres\u00f3 al inicio de su discurso y destac\u00f3 la labor conjunta con el gobierno nacional: \u00abEstamos avanzando con la tan necesaria Autopista Ribere\u00f1a\u00bb.<\/p>\n<p>\u00abEjecuci\u00f3n presupuestaria del 50%\u00bb<\/p>\n<p>El Jefe de Gabinete contextualiz\u00f3 el momento econ\u00f3mico que vive el pa\u00eds, el que luego de varios a\u00f1os de crecimiento econ\u00f3mico ha entrado en un proceso de recesi\u00f3n. \u00abEl Gobierno de la Ciudad de Buenos Aires viene teniendo una pol\u00edtica muy austera y responsable en materia presupuestaria. En t\u00e9rminos de ejecuci\u00f3n presupuestaria llegamos en 2013 al record hist\u00f3rico del 97.9 % del presupuesto total, y en lo que va del a\u00f1o llevamos en obras una ejecuci\u00f3n del 50%\u00bb, expres\u00f3. Adem\u00e1s dijo que \u00abla ampliaci\u00f3n presupuestaria aprobada por esta Legislatura tuvo como objetivo afrontar los incrementos paritarios\u00bb.<\/p>\n<p>\u00abSalud p\u00fablica de calidad\u00bb<\/p>\n<p>\u00abHemos redoblado los esfuerzos para garantizar una salud p\u00fablica de calidad con una importante inversi\u00f3n en materia edilicia. Se ha actualizado la tecnolog\u00eda del sistema m\u00e9dico reemplazando equipamiento obsoleto\u00bb, sostuvo. Adem\u00e1s destac\u00f3 la cobertura porte\u00f1a de salud que cuenta con m\u00e1s de 346 mil beneficiarios e indic\u00f3: \u00abIncorporaremos en 2014 el expendio de medicamentos con una cobertura del 100% de muchos de ellos\u00bb.<\/p>\n<p>\u00abDesarrollo de la Polic\u00eda Metropolitana\u00bb<\/p>\n<p>\u00abLa Ciudad sigue avanzando con el desarrollo de la Polic\u00eda Metropolitana, que tiene \u201cun rol preponderante en nuestro Plan Integral de Seguridad\u201d, explic\u00f3 Larreta. Explic\u00f3 que \u201cdesde su inicio hemos mantenido la incorporaci\u00f3n de efectivos y equipamiento en forma sostenida. Actualmente contamos con m\u00e1s de 4.900 efectivos con estado policial y 570 auxiliares\u201d.\u00b4 \u201cInstalamos Comisar\u00edas en las Comunas 4, 12 y 15, en las cuales se despliegan casi 1.300 efectivos con 200 m\u00f3viles en servicio. Cada a\u00f1o al finalizar su ciclo de entrenamiento se incorporan a la fuerza m\u00e1s de 450 cadetes egresados del Instituto Superior de Seguridad P\u00fablica\u201d, detall\u00f3.<\/p>\n<p>\u00abMejorar la limpieza, reducir la basura\u00bb<\/p>\n<p>\u201cEstamos implementando un Master Plan de Higiene Urbana que tiene como objetivo mejorar la limpieza de la Ciudad y reducir la cantidad de basura a partir de la separaci\u00f3n en origen\u201d, se\u00f1al\u00f3 larreta. Destac\u00f3 que desde 2012 se est\u00e1 cambiando la modalidad de recolecci\u00f3n de residuos, que ahora se hace de manera automatizada con carga lateral de contenedores met\u00e1licos. As\u00ed, seg\u00fan explic\u00f3, \u201cse mejora la higiene y limpieza de las calles, y la recolecci\u00f3n deja de ser manual, optimizando los recursos\u201d. Tambi\u00e9n apunt\u00f3 que \u201cYa alcanzamos casi el 70% de la Ciudad contenerizada, proyectando llegar el 100% de las Comunas para marzo de 2015\u201d. Y explic\u00f3 que \u00e9ste a\u00f1o la Ciudad comenz\u00f3 el camino hacia una doble contenerizaci\u00f3n, proporcionando a los vecinos los medios necesarios para que ellos realicen una clasificaci&amp;oacu te;n m\u00e1s eficiente de los residuos h\u00famedos y secos.<\/p>\n","protected":false},"excerpt":{"rendered":"<p>El Jefe de Gabinete de Ministros del Gobierno de la Ciudad Aut\u00f3noma de Buenos Aires, Lic. Horacio Rodr\u00edguez Larreta, present\u00f3 ante el Cuerpo parlamentario una s\u00edntesis de la gesti\u00f3n que lleva adelante el Ejecutivo haciendo hincapi\u00e9 en los \u00faltimos seis meses, durante un informe que brind\u00f3 hoy en el marco de una Sesi\u00f3n Especial presidida [&hellip;]<\/p>\n","protected":false},"author":2,"featured_media":23942,"comment_status":"open","ping_status":"open","sticky":false,"template":"","format":"standard","meta":{"_et_pb_use_builder":"","_et_pb_old_content":"","_et_gb_content_width":"","footnotes":""},"categories":[11,44],"tags":[],"class_list":["post-23941","post","type-post","status-publish","format-standard","has-post-thumbnail","hentry","category-ciudad","category-funcionarios-de-la-caba"],"_links":{"self":[{"href":"https:\/\/vocesdebaires.com.ar\/index.php\/wp-json\/wp\/v2\/posts\/23941"}],"collection":[{"href":"https:\/\/vocesdebaires.com.ar\/index.php\/wp-json\/wp\/v2\/posts"}],"about":[{"href":"https:\/\/vocesdebaires.com.ar\/index.php\/wp-json\/wp\/v2\/types\/post"}],"author":[{"embeddable":true,"href":"https:\/\/vocesdebaires.com.ar\/index.php\/wp-json\/wp\/v2\/users\/2"}],"replies":[{"embeddable":true,"href":"https:\/\/vocesdebaires.com.ar\/index.php\/wp-json\/wp\/v2\/comments?post=23941"}],"version-history":[{"count":0,"href":"https:\/\/vocesdebaires.com.ar\/index.php\/wp-json\/wp\/v2\/posts\/23941\/revisions"}],"wp:featuredmedia":[{"embeddable":true,"href":"https:\/\/vocesdebaires.com.ar\/index.php\/wp-json\/wp\/v2\/media\/23942"}],"wp:attachment":[{"href":"https:\/\/vocesdebaires.com.ar\/index.php\/wp-json\/wp\/v2\/media?parent=23941"}],"wp:term":[{"taxonomy":"category","embeddable":true,"href":"https:\/\/vocesdebaires.com.ar\/index.php\/wp-json\/wp\/v2\/categories?post=23941"},{"taxonomy":"post_tag","embeddable":true,"href":"https:\/\/vocesdebaires.com.ar\/index.php\/wp-json\/wp\/v2\/tags?post=23941"}],"curies":[{"name":"wp","href":"https:\/\/api.w.org\/{rel}","templated":true}]}}