{"id":2397,"date":"2020-05-21T03:00:00","date_gmt":"2020-05-21T06:00:00","guid":{"rendered":"http:\/\/vocesdebaires.com.ar\/wordpress\/index.php\/2020\/05\/21\/un-hombre-con-pedido-de-captura-arrestado\/"},"modified":"2020-05-21T03:00:00","modified_gmt":"2020-05-21T06:00:00","slug":"un-hombre-con-pedido-de-captura-arrestado","status":"publish","type":"post","link":"https:\/\/vocesdebaires.com.ar\/index.php\/2020\/05\/21\/un-hombre-con-pedido-de-captura-arrestado\/","title":{"rendered":"Un hombre con pedido de captura, arrestado"},"content":{"rendered":"<p>Personal de la Divisi\u00f3n Capturas y B\u00fasqueda de Pr\u00f3fugos de la Polic\u00eda de la Ciudad, que se encontraba en tareas de despliegue territorial, fue alertado por el Sistema de Reconocimiento Facial sobre una persona demorada en la calle 15 de Noviembre al 1.300, que pose\u00eda pedido de captura vigente por tentativa de robo y hurto.Los efectivos policiales se comunicaron con el Tribunal Oral en lo Criminal y Correccional N\u00famero 1, a cargo del doctor Adri\u00e1n P\u00e9rez Lance y ante la Secretar\u00eda \u00danica de la doctora Manigot, y se orden\u00f3 la detenci\u00f3n del hombre y su traslado a la Comisar\u00eda Vecinal 3 B de la Polic\u00eda de la Ciudad.<\/p>\n","protected":false},"excerpt":{"rendered":"<p>Personal de la Divisi\u00f3n Capturas y B\u00fasqueda de Pr\u00f3fugos de la Polic\u00eda de la Ciudad, que se encontraba en tareas de despliegue territorial, fue alertado por el Sistema de Reconocimiento Facial sobre una persona demorada en la calle 15 de Noviembre al 1.300, que pose\u00eda pedido de captura vigente por tentativa de robo y hurto.Los [&hellip;]<\/p>\n","protected":false},"author":1,"featured_media":2398,"comment_status":"open","ping_status":"open","sticky":false,"template":"","format":"standard","meta":{"_et_pb_use_builder":"","_et_pb_old_content":"","_et_gb_content_width":"","footnotes":""},"categories":[11,32],"tags":[],"class_list":["post-2397","post","type-post","status-publish","format-standard","has-post-thumbnail","hentry","category-ciudad","category-comunas"],"_links":{"self":[{"href":"https:\/\/vocesdebaires.com.ar\/index.php\/wp-json\/wp\/v2\/posts\/2397"}],"collection":[{"href":"https:\/\/vocesdebaires.com.ar\/index.php\/wp-json\/wp\/v2\/posts"}],"about":[{"href":"https:\/\/vocesdebaires.com.ar\/index.php\/wp-json\/wp\/v2\/types\/post"}],"author":[{"embeddable":true,"href":"https:\/\/vocesdebaires.com.ar\/index.php\/wp-json\/wp\/v2\/users\/1"}],"replies":[{"embeddable":true,"href":"https:\/\/vocesdebaires.com.ar\/index.php\/wp-json\/wp\/v2\/comments?post=2397"}],"version-history":[{"count":0,"href":"https:\/\/vocesdebaires.com.ar\/index.php\/wp-json\/wp\/v2\/posts\/2397\/revisions"}],"wp:featuredmedia":[{"embeddable":true,"href":"https:\/\/vocesdebaires.com.ar\/index.php\/wp-json\/wp\/v2\/media\/2398"}],"wp:attachment":[{"href":"https:\/\/vocesdebaires.com.ar\/index.php\/wp-json\/wp\/v2\/media?parent=2397"}],"wp:term":[{"taxonomy":"category","embeddable":true,"href":"https:\/\/vocesdebaires.com.ar\/index.php\/wp-json\/wp\/v2\/categories?post=2397"},{"taxonomy":"post_tag","embeddable":true,"href":"https:\/\/vocesdebaires.com.ar\/index.php\/wp-json\/wp\/v2\/tags?post=2397"}],"curies":[{"name":"wp","href":"https:\/\/api.w.org\/{rel}","templated":true}]}}