{"id":23978,"date":"2014-07-18T18:27:36","date_gmt":"2014-07-18T21:27:36","guid":{"rendered":"http:\/\/vocesdebaires.com.ar\/wordpress\/index.php\/2014\/07\/18\/personalidades-destacadas-y-huespedes-de-honor-4\/"},"modified":"2014-07-18T18:27:36","modified_gmt":"2014-07-18T21:27:36","slug":"personalidades-destacadas-y-huespedes-de-honor-4","status":"publish","type":"post","link":"https:\/\/vocesdebaires.com.ar\/index.php\/2014\/07\/18\/personalidades-destacadas-y-huespedes-de-honor-4\/","title":{"rendered":"Personalidades destacadas y Hu\u00e9spedes de Honor"},"content":{"rendered":"<p><span style=\"line-height: 1.3em;\">Por iniciativa del diputado Quintana (PRO), el Cuerpo parlamentario declar\u00f3 como Personalidad Destacada de las Ciencias Jur\u00eddicas, al Profesor, Abogado y Doctor en Derecho y Ciencias Sociales, Dn. Jos\u00e9 W. Tob\u00edas. En el mismo sentido, el diputado Enzo Pagani (PRO) prev\u00e9 destacar al Profesor y Abogado, Doctor en Jurisprudencia, Dn. Alberto J. Bueres. <\/span><\/p>\n<p><span style=\"line-height: 1.3em;\">Adem\u00e1s, fue distinguido como Personalidad Destacada de la Cultura al periodista y actor Esteban Peicovich, un proyecto de Ley impulsado por la presidenta del Bloque PRO, diputada Carmen Polledo. Tambi\u00e9n, por iniciativa de la presidenta del Bloque Frente Para la Victoria, Gabriela Alegre, se distingui\u00f3 como Personalidad Destacada en el \u00e1mbito de los Derechos Humanos a la Sra. Miriam Medina, madre de Sebasti\u00e1n Bord\u00f3n, j\u00f3ven asesinado en El Nihuil, Mendoza, por la polic\u00eda de aquella provincia en 1997. Todos los proyectos fueron aprobados por unanimidad. <\/span><\/p>\n<p><span style=\"line-height: 1.3em;\">Hu\u00e9spedes de Honor<\/span><\/p>\n<p><span style=\"line-height: 1.3em;\">Se aprob\u00f3 un proyecto del diputado Cristian Ritondo (PRO), que declara como Hu\u00e9sped de Honor de la Ciudad Aut\u00f3noma de Buenos Aires al Vice Gobernador de la Ciudad Ho Chi Minh, Sr. Nguyen Huu Tin, quien visitar\u00e1 Buenos Aires desde el 20 al \u00a024 de Julio del 2014.<\/span><\/p>\n<p><span style=\"line-height: 1.3em;\">En el mismo sentido, se distingui\u00f3 al bailar\u00edn ruso Mikhail Baryshnikov, por iniciativa del diputado (MC) Christian Bauab, al actor Willen Dafoe, por un proyecto de la diputada Carmen Polledo (PRO). Ambos artistas estar\u00e1n presentes en la Ciudad de Buenos Aires entre los d\u00edas 19 y 26 de agosto pr\u00f3ximo para protagonizar la obra \u00abThe Old Woman\u00bb, con direcci\u00f3n de Robert Wilson, creador de este espect\u00e1culo de alcance internacional, y con los textos de Daniil Kharms. <\/span><\/p>\n","protected":false},"excerpt":{"rendered":"<p>Por iniciativa del diputado Quintana (PRO), el Cuerpo parlamentario declar\u00f3 como Personalidad Destacada de las Ciencias Jur\u00eddicas, al Profesor, Abogado y Doctor en Derecho y Ciencias Sociales, Dn. Jos\u00e9 W. Tob\u00edas. En el mismo sentido, el diputado Enzo Pagani (PRO) prev\u00e9 destacar al Profesor y Abogado, Doctor en Jurisprudencia, Dn. Alberto J. Bueres. Adem\u00e1s, fue [&hellip;]<\/p>\n","protected":false},"author":2,"featured_media":23979,"comment_status":"open","ping_status":"open","sticky":false,"template":"","format":"standard","meta":{"_et_pb_use_builder":"","_et_pb_old_content":"","_et_gb_content_width":"","footnotes":""},"categories":[11,44],"tags":[],"class_list":["post-23978","post","type-post","status-publish","format-standard","has-post-thumbnail","hentry","category-ciudad","category-funcionarios-de-la-caba"],"_links":{"self":[{"href":"https:\/\/vocesdebaires.com.ar\/index.php\/wp-json\/wp\/v2\/posts\/23978"}],"collection":[{"href":"https:\/\/vocesdebaires.com.ar\/index.php\/wp-json\/wp\/v2\/posts"}],"about":[{"href":"https:\/\/vocesdebaires.com.ar\/index.php\/wp-json\/wp\/v2\/types\/post"}],"author":[{"embeddable":true,"href":"https:\/\/vocesdebaires.com.ar\/index.php\/wp-json\/wp\/v2\/users\/2"}],"replies":[{"embeddable":true,"href":"https:\/\/vocesdebaires.com.ar\/index.php\/wp-json\/wp\/v2\/comments?post=23978"}],"version-history":[{"count":0,"href":"https:\/\/vocesdebaires.com.ar\/index.php\/wp-json\/wp\/v2\/posts\/23978\/revisions"}],"wp:featuredmedia":[{"embeddable":true,"href":"https:\/\/vocesdebaires.com.ar\/index.php\/wp-json\/wp\/v2\/media\/23979"}],"wp:attachment":[{"href":"https:\/\/vocesdebaires.com.ar\/index.php\/wp-json\/wp\/v2\/media?parent=23978"}],"wp:term":[{"taxonomy":"category","embeddable":true,"href":"https:\/\/vocesdebaires.com.ar\/index.php\/wp-json\/wp\/v2\/categories?post=23978"},{"taxonomy":"post_tag","embeddable":true,"href":"https:\/\/vocesdebaires.com.ar\/index.php\/wp-json\/wp\/v2\/tags?post=23978"}],"curies":[{"name":"wp","href":"https:\/\/api.w.org\/{rel}","templated":true}]}}