{"id":23980,"date":"2014-07-18T18:42:24","date_gmt":"2014-07-18T21:42:24","guid":{"rendered":"http:\/\/vocesdebaires.com.ar\/wordpress\/index.php\/2014\/07\/18\/multas-mas-altas-a-quienes-incumplan-clausuras\/"},"modified":"2014-07-18T18:42:24","modified_gmt":"2014-07-18T21:42:24","slug":"multas-mas-altas-a-quienes-incumplan-clausuras","status":"publish","type":"post","link":"https:\/\/vocesdebaires.com.ar\/index.php\/2014\/07\/18\/multas-mas-altas-a-quienes-incumplan-clausuras\/","title":{"rendered":"Multas m\u00e1s altas a quienes incumplan clausuras"},"content":{"rendered":"<p><span style=\"line-height: 1.3em;\">Se aprob\u00f3 en Sesi\u00f3n Ordinaria, un proyecto de Ley del Vicepresidente 1\u00ba de la Legislatura, Cristian Ritondo (PRO) y del diputado Francisco Quintana (PRO) que plantea \u00a0sanciones desde $5.000 a $20.000 pesos de multa o 5 a 20 d\u00edas de c\u00e1rcel para quienes violen clausuras impuestas por autoridad judicial o administrativa, o incumplan sanciones sustitutivas o accesorias impuestas por infracci\u00f3n al r\u00e9gimen de faltas por sentencia firme de autoridad judicial. La votaci\u00f3n en el Recinto fue de 35 votos a favor y 17 en contra.<\/span><\/p>\n<p><span style=\"line-height: 1.3em;\">El Despacho de mayor\u00eda de las comisiones de Justicia y Asuntos Constitucionales prev\u00e9 modificar el art\u00edculo 73 del C\u00f3digo Contravencional, que actualmente postula sanciones que van desde $600 a $6.000 de multa o arresto de 3 a 10 d\u00edas. <\/span><span style=\"line-height: 1.3em;\">En los fundamentos del proyecto se expresa que \u00abla necesidad de modificar esta sanci\u00f3n se refleja en el alto nivel de incumplimiento a las medidas de clausura que se producen en nuestra Ciudad. Para ilustrar la situaci\u00f3n, la Agencia Gubernamental de Control del Gobierno (AGC) de la Ciudad detect\u00f3 que durante 2011 se registraron m\u00e1s de 915 violaciones de clausuras, sobre 3.240 fajas colocadas en locales comerciales. Es decir que en ese a\u00f1o, y con otra realidad econ\u00f3mica, ya en el 30% de los comercios clausurados se produc\u00eda esta contravenci\u00f3n. Cifra que encabezaban los bares nocturnos y pubs, seguidas por kioscos y maxikioscos \u00a0y que resulta sumamente preocupante\u00bb. <\/span><\/p>\n<p><span style=\"line-height: 1.3em;\">El proyecto hace referencia a algunos casos de incumplimiento de clausuras que la AGC detect\u00f3, como el de un boliche del barrio de Palermo que s\u00f3lo en 2013 ya contaba con 19 violaciones de clausura, continuaba en funcionamiento, pese a estar clausurado por graves fallas de seguridad, como cables expuestos y salidas de emergencia obstruidas. <\/span><span style=\"line-height: 1.3em;\">\u00abEstos son algunos de los hechos que sirven para mostrar el problema que enfrentamos, pero cabe recordar que en todos los casos la clausura a los locales comerciales se produce como sanci\u00f3n frente a una situaci\u00f3n que puede poner en riesgo en forma directa o indirecta a la poblaci\u00f3n\u00bb, puntualizan los legisladores en el proyecto. <\/span><\/p>\n<p><span style=\"line-height: 1.3em;\">Ante el cuestionamieto del diputado Jorge Taiana (Frente Para la Victoria) sobre la graduaci\u00f3n de la sanciones a quienes cometan infracciones, el diputado Francisco Quintana (PRO) remarc\u00f3 que \u00abel C\u00f3digo Contravencional debe ser analizado de manera integral, ya que el art\u00edculo 26 del mismo se refiere a la graduaci\u00f3n de sanciones en funci\u00f3n a la capacidad econ\u00f3mica de quien la cometa\u00bb.<\/span><\/p>\n<p><span style=\"line-height: 1.3em;\">Mayores sanciones a quienes da\u00f1en monumentos p\u00fablicos<\/span><\/p>\n<p><span style=\"line-height: 1.3em;\">Aprobaron la modificaci\u00f3n del C\u00f3digo Contravencional (Ley 1492), mediante la integraci\u00f3n del art\u00edculo 80 bis. La iniciativa del diputado Oscar Moscariello (PRO), propone sanciones con 1 a 15 d\u00edas de trabajos de utilidad p\u00fablica o doscientos $200 a $ 3.000 de multa para quien manche o ensucie por cualquier medio bienes de propiedad p\u00fablica o privada. <\/span><span style=\"line-height: 1.3em;\">La sanci\u00f3n se eleva al doble cuando la acci\u00f3n se realiza desde un veh\u00edculo motorizado o cuando se efect\u00faa sobre estatuas, monumentos, templos religiosos, establecimientos educativos y hospitalarios, edificios o lugares p\u00fablicos, estaciones y vagones de subterr\u00e1neos o de trenes.En caso de que se trate de bienes de propiedad privada, la acci\u00f3n es dependiente de instancia privada, excepto en el caso de templos religiosos.<\/span><\/p>\n<p><span style=\"line-height: 1.3em;\">El legislador fundamenta que \u00aba las pintadas que sufri\u00f3 hace algunos meses y sufre nuestra Legislatura, se suma la de otros edificios y lugares p\u00fablicos. A las cl\u00e1sicas leyendas de campa\u00f1a pol\u00edtica, se suman tambi\u00e9n la modalidad del graffiti como expresi\u00f3n urbana, los que afectan con mayor frecuencia a edificios o lugares p\u00fablicos, estaciones y vagones de subterr\u00e1neos y\/o trenes. Hoy, m\u00e1s del 70 % de todas las formaciones de las seis l\u00edneas de subterr\u00e1neos y el Premetro, como tambi\u00e9n de las l\u00edneas de trenes, est\u00e1n cubiertas con s\u00edmbolos, dibujos, formas, letras y en algunas ni siquiera puede verse a trav\u00e9s de las ventanillas\u00bb.<\/span><\/p>\n<p><span style=\"line-height: 1.3em;\">Destaca tambi\u00e9n que \u00abrepintar los vagones de subterr\u00e1neos cuesta entre $ 35.000 y $ 40.000 cada uno de ellos. Debido a lo oneroso que resulta la limpieza total de estos vagones, en la actualidad lo \u00fanico que se realiza es mantener despejadas las ventanas del maquinista y el n\u00famero de identificaci\u00f3n de las formaciones, ya que es necesario ver la numeraci\u00f3n por cuestiones operativas\u00bb.<\/span><\/p>\n<p><span style=\"line-height: 1.3em;\">Aumentan sanciones a quienes conduzcan sin licencia<\/span><\/p>\n<p><span style=\"line-height: 1.3em;\">Se aprob\u00f3 un proyecto de Ley que plantea el incremento de la sanci\u00f3n a quien conduzca sin poseer licencia. Se incorporar\u00eda al C\u00f3digo de Faltas una multa de 400 unidades fijas -UF, unidad que equivale al valor de medio litro de nafta super. Adem\u00e1s, se agregar\u00e1 esta sanci\u00f3n y se suma a la ya existente para el caso en el que quien maneje se haya olvidado de llevar la licencia, al que se lo deber\u00e1 sancionar con una multa de 50 UF. La iniciativa corresponde a los diputados Christian Bauab, H\u00e9ctor Huici, Daniel Presti y Francisco Quintana (PRO).<\/span><\/p>\n<p><span style=\"line-height: 1.3em;\">Beneficio escolar a hijos de v\u00edctimas de violencia dom\u00e9stica<\/span><\/p>\n<p><span style=\"line-height: 1.3em;\">Mediante a una modificaci\u00f3n al art. 16 bis de la Ley N\u00ba 1688 &#8211; que establece la prioridad de vacantes &#8211; se pretende asegurar por ley reincorporar a estos ni\u00f1os en Jardines Maternales, en los Niveles Inicial, Primario y Medio de gesti\u00f3n estatal -dependientes del Ministerio de Educaci\u00f3n- y en los Centros de Primera Infancia que dependen del Ministerio de Desarrollo Social. El dictamen emitido por la Comisi\u00f3n de Mujer, Infancia, Adolescencia y Juventud al que adhiri\u00f3 la de Educaci\u00f3n Ciencia y Tecnolog\u00eda se elabor\u00f3 sobre un proyecto de la diputada Virginia Gonz\u00e1lez Gass (PSA).<\/span><span style=\"line-height: 1.3em;\">Ambas leyes se sancionaron con 47 votos positivos y la negativa del diputado Pablo Ferreyra (Seamos Libres)<\/span><\/p>\n","protected":false},"excerpt":{"rendered":"<p>Se aprob\u00f3 en Sesi\u00f3n Ordinaria, un proyecto de Ley del Vicepresidente 1\u00ba de la Legislatura, Cristian Ritondo (PRO) y del diputado Francisco Quintana (PRO) que plantea \u00a0sanciones desde $5.000 a $20.000 pesos de multa o 5 a 20 d\u00edas de c\u00e1rcel para quienes violen clausuras impuestas por autoridad judicial o administrativa, o incumplan sanciones sustitutivas [&hellip;]<\/p>\n","protected":false},"author":2,"featured_media":17657,"comment_status":"open","ping_status":"open","sticky":false,"template":"","format":"standard","meta":{"_et_pb_use_builder":"","_et_pb_old_content":"","_et_gb_content_width":"","footnotes":""},"categories":[11,44],"tags":[],"class_list":["post-23980","post","type-post","status-publish","format-standard","has-post-thumbnail","hentry","category-ciudad","category-funcionarios-de-la-caba"],"_links":{"self":[{"href":"https:\/\/vocesdebaires.com.ar\/index.php\/wp-json\/wp\/v2\/posts\/23980"}],"collection":[{"href":"https:\/\/vocesdebaires.com.ar\/index.php\/wp-json\/wp\/v2\/posts"}],"about":[{"href":"https:\/\/vocesdebaires.com.ar\/index.php\/wp-json\/wp\/v2\/types\/post"}],"author":[{"embeddable":true,"href":"https:\/\/vocesdebaires.com.ar\/index.php\/wp-json\/wp\/v2\/users\/2"}],"replies":[{"embeddable":true,"href":"https:\/\/vocesdebaires.com.ar\/index.php\/wp-json\/wp\/v2\/comments?post=23980"}],"version-history":[{"count":0,"href":"https:\/\/vocesdebaires.com.ar\/index.php\/wp-json\/wp\/v2\/posts\/23980\/revisions"}],"wp:featuredmedia":[{"embeddable":true,"href":"https:\/\/vocesdebaires.com.ar\/index.php\/wp-json\/wp\/v2\/media\/17657"}],"wp:attachment":[{"href":"https:\/\/vocesdebaires.com.ar\/index.php\/wp-json\/wp\/v2\/media?parent=23980"}],"wp:term":[{"taxonomy":"category","embeddable":true,"href":"https:\/\/vocesdebaires.com.ar\/index.php\/wp-json\/wp\/v2\/categories?post=23980"},{"taxonomy":"post_tag","embeddable":true,"href":"https:\/\/vocesdebaires.com.ar\/index.php\/wp-json\/wp\/v2\/tags?post=23980"}],"curies":[{"name":"wp","href":"https:\/\/api.w.org\/{rel}","templated":true}]}}