{"id":23986,"date":"2014-07-21T12:48:54","date_gmt":"2014-07-21T15:48:54","guid":{"rendered":"http:\/\/vocesdebaires.com.ar\/wordpress\/index.php\/2014\/07\/21\/presentaron-libro-sobre-entrevista-de-eloy-martinez-a-peron\/"},"modified":"2014-07-21T12:48:54","modified_gmt":"2014-07-21T15:48:54","slug":"presentaron-libro-sobre-entrevista-de-eloy-martinez-a-peron","status":"publish","type":"post","link":"https:\/\/vocesdebaires.com.ar\/index.php\/2014\/07\/21\/presentaron-libro-sobre-entrevista-de-eloy-martinez-a-peron\/","title":{"rendered":"Presentaron libro sobre entrevista de Eloy Mart\u00ednez a Per\u00f3n"},"content":{"rendered":"<p><span style=\"line-height: 1.3em;\">El libro \u00abEncuentro en Puerta de Hierro\u00bb realizado con motivo de conmemorarse el 40\u00ba aniversario de la muerte de Juan Domingo Per\u00f3n y el 80\u00ba aniversario del nacimiento del periodista, escritor y guionista de cine Tom\u00e1s Eloy Mart\u00ednez, fue presentado en el Sal\u00f3n Eva Per\u00f3n de la Legislatura de la Ciudad de Buenos Aires.<\/span><\/p>\n<p>El acto fue presidido por el Vicepresidente Primero de la Legislatura porte\u00f1a, diputado Cristian Ritondo y cont\u00f3 con la presencia de los coautores del proyecto, los diputados Gabriela Seijo, Roberto Quattromano (PRO), junto a las diputadas L\u00eda Rueda, Raquel Herrero, y el diputado Jorge Garayalde (PRO) respectivamente. Adem\u00e1s, estuvieron los hijos de Tom\u00e1s Eloy Mart\u00ednez quienes en la ciudad de Buenos Aires dirigen la Fundaci\u00f3n que lleva su nombre: Ezequiel, presidente; Gonzalo, secretario; Blas Eloy, tesorero; Tom\u00e1s Eloy, Paula, Javier y Sol Ana, miembros del Consejo Consultivo.<span style=\"line-height: 1.3em;\">Ritondo explic\u00f3 que \u00abla obra tiene una tirada, en su primera edici\u00f3n, de 5.000 ejemplares a los efectos de ser distribuidos gratuitamente por la Legislatura de la Ciudad Aut\u00f3noma de Buenos Aires en bibliotecas p\u00fablicas, populares, escolares y a las instituciones que lo soliciten\u00bb y agradeci\u00f3 a la Fundaci\u00f3n que \u00abhaya permitido a la Legislatura realizar un libro de tanta calidad\u00bb.<\/span><\/p>\n<p>\u00abEl 1 de julio se cumpli\u00f3 40 a\u00f1os de la muerte de Juan Domingo Per\u00f3n, tres veces electo presidente por el voto popular y ejemplo y modelo de una enorme porci\u00f3n de los argentinos durante varias generaciones que lo vivieron o lo recuerdan. El 16 de julio se cumpli\u00f3 80 a\u00f1os del nacimiento de Tom\u00e1s Eloy Mart\u00ednez, escritor y periodista y autor de \u00abLa Novela de Per\u00f3n\u00bb y de \u00abSanta Evita\u00bb. El azar ha hecho que este a\u00f1o se cumplan ambos aniversarios de dos hombres que estuvieron unidos por muchos hechos trascendentales de la vida argentina\u00bb, dijo Ritondo.<\/p>\n<p>Tambi\u00e9n manifest\u00f3 que \u00abla Legislatura Porte\u00f1a debe cumplir, como lo hizo en el pasado, un rol fundamental en el homenaje de aquellas personas que han cambiando el rumbo de la Argentina y tambi\u00e9n el nuestro como personas. Una gran parte de la obra del General y de su esposa, Eva Duarte, tuvo lugar en el Palacio Legislativo. Gran parte de la obra de Tom\u00e1s Eloy Mart\u00ednez inspira a muchos de los legisladores que han cumplido y cumplen su mandato popular. La Legislatura a trav\u00e9s de su Vicepresidencia Primera est\u00e1 llevando adelante tareas para homenajear a Juan Domingo Per\u00f3n, por eso creemos importante encomendar esta publicaci\u00f3n que contiene material de archivo de incalculable valor hist\u00f3rico y con el mismo esp\u00edritu reivindicatorio, aprovecharla para recordar la labor de un tucumano que adopt\u00f3 la Ciudad de Buenos Aires como lugar para desarrollar su obra y su carrera literaria y perio d\u00edstica. Porque fue en Buenos Aires donde Tom\u00e1s Eloy Mart\u00ednez comenz\u00f3 a escribir y a indagar sobre una de sus m\u00e1ximas obsesiones: la figura de Per\u00f3n\u00bb.<\/p>\n<p>Javier, fue el primero de los hijos que hizo uso de la palabra para recordar que a partir de la primera entrevista que su padre realiz\u00f3 a Per\u00f3n \u00abtrabaj\u00f3 toda su obra, libros y art\u00edculos\u00bb. Adem\u00e1s afirm\u00f3 que el periodista \u00abno era peronista pero ten\u00eda muchos puntos en com\u00fan con el General, como la afici\u00f3n por el deporte y por el arte de la conducci\u00f3n\u00bb, dos de los temas a los que se refiere Per\u00f3n en la entrevista, presentados en el libro. Su hermano Blas Eloy agradeci\u00f3 a todos \u00ablos que se apasionaron con este libro y ofrecieron la posibilidad de que sea plasmado en un formato accesible\u00bb y finalmente relat\u00f3 que creci\u00f3 escuchando estas cintas que lo hicieron peronista.<\/p>\n<p>Contenido y significaci\u00f3n<\/p>\n<p>La Legislatura de la Ciudad por una resoluci\u00f3n que aprob\u00f3 el pleno edit\u00f3 un DVD interactivo y un libro de 40 p\u00e1ginas, tipo \u00abbooklet\u00bb, con motivo del 40\u00ba aniversario del fallecimiento de Juan Domingo Per\u00f3n y el 80\u00ba aniversario del nacimiento de Tom\u00e1s Eloy Mart\u00ednez.<span style=\"line-height: 1.3em;\">La publicaci\u00f3n cuenta con extractos de las grabaciones que Mart\u00ednez como enviado especial de la revista \u00abPrimera Plana\u00bb realizara al anochecer del martes 28 de junio de 1966 durante 3 horas, en una entrevista efectuada al l\u00edder justicialista durante su exilio espa\u00f1ol en el barrio madrile\u00f1o Puerta de Hierro; cuando en Buenos Aires el general Juan Carlos Ongan\u00eda se apropiaba del Poder Ejecutivo Nacional. Contiene material de archivo audiovisual y fotogr\u00e1fico in\u00e9ditos, fotos y citas de las grabaciones y una caja contenedora para estos objetos. Las grabaciones, propiedad de la Fundaci\u00f3n \u00abTom\u00e1s Eloy Mart\u00ednez\u00bb, son el reflejo de una \u00e9poca trascendental de la Argentina y del pensamiento siempre vigente de Per\u00f3n.<\/span><\/p>\n<p>Fotos 1 \u00a0 (De izq. a der.) Blas Eloy Mart\u00ednez, Vicepresidente Primero de la Legislatura, diputado Cristian Ritondo, y Javier Mart\u00ednez durante la presentaci\u00f3n del libro \u00abEncuentro en Puerta de Hierro\u00bb del periodista y escritor Tom\u00e1s Eloy Mart\u00ednez<\/p>\n","protected":false},"excerpt":{"rendered":"<p>El libro \u00abEncuentro en Puerta de Hierro\u00bb realizado con motivo de conmemorarse el 40\u00ba aniversario de la muerte de Juan Domingo Per\u00f3n y el 80\u00ba aniversario del nacimiento del periodista, escritor y guionista de cine Tom\u00e1s Eloy Mart\u00ednez, fue presentado en el Sal\u00f3n Eva Per\u00f3n de la Legislatura de la Ciudad de Buenos Aires. El [&hellip;]<\/p>\n","protected":false},"author":2,"featured_media":23987,"comment_status":"open","ping_status":"open","sticky":false,"template":"","format":"standard","meta":{"_et_pb_use_builder":"","_et_pb_old_content":"","_et_gb_content_width":"","footnotes":""},"categories":[11,44],"tags":[],"class_list":["post-23986","post","type-post","status-publish","format-standard","has-post-thumbnail","hentry","category-ciudad","category-funcionarios-de-la-caba"],"_links":{"self":[{"href":"https:\/\/vocesdebaires.com.ar\/index.php\/wp-json\/wp\/v2\/posts\/23986"}],"collection":[{"href":"https:\/\/vocesdebaires.com.ar\/index.php\/wp-json\/wp\/v2\/posts"}],"about":[{"href":"https:\/\/vocesdebaires.com.ar\/index.php\/wp-json\/wp\/v2\/types\/post"}],"author":[{"embeddable":true,"href":"https:\/\/vocesdebaires.com.ar\/index.php\/wp-json\/wp\/v2\/users\/2"}],"replies":[{"embeddable":true,"href":"https:\/\/vocesdebaires.com.ar\/index.php\/wp-json\/wp\/v2\/comments?post=23986"}],"version-history":[{"count":0,"href":"https:\/\/vocesdebaires.com.ar\/index.php\/wp-json\/wp\/v2\/posts\/23986\/revisions"}],"wp:featuredmedia":[{"embeddable":true,"href":"https:\/\/vocesdebaires.com.ar\/index.php\/wp-json\/wp\/v2\/media\/23987"}],"wp:attachment":[{"href":"https:\/\/vocesdebaires.com.ar\/index.php\/wp-json\/wp\/v2\/media?parent=23986"}],"wp:term":[{"taxonomy":"category","embeddable":true,"href":"https:\/\/vocesdebaires.com.ar\/index.php\/wp-json\/wp\/v2\/categories?post=23986"},{"taxonomy":"post_tag","embeddable":true,"href":"https:\/\/vocesdebaires.com.ar\/index.php\/wp-json\/wp\/v2\/tags?post=23986"}],"curies":[{"name":"wp","href":"https:\/\/api.w.org\/{rel}","templated":true}]}}