{"id":23988,"date":"2014-07-21T13:00:06","date_gmt":"2014-07-21T16:00:06","guid":{"rendered":"http:\/\/vocesdebaires.com.ar\/wordpress\/index.php\/2014\/07\/21\/vidal-visito-el-municipio-de-tigre\/"},"modified":"2014-07-21T13:00:06","modified_gmt":"2014-07-21T16:00:06","slug":"vidal-visito-el-municipio-de-tigre","status":"publish","type":"post","link":"https:\/\/vocesdebaires.com.ar\/index.php\/2014\/07\/21\/vidal-visito-el-municipio-de-tigre\/","title":{"rendered":"Vidal visit\u00f3 el municipio de Tigre"},"content":{"rendered":"<p><span style=\"line-height: 1.3em;\">La referente del Pro Mar\u00eda Eugenia Vidal mantuvo un encuentro con vecinos y dirigentes locales en el tradicional Boat Club de Tigre, donde se\u00f1al\u00f3 estar \u201cmuy contenta de que Acci\u00f3n Comunal se sume al sue\u00f1o del Pro y de todos los argentinos de vivir distinto. De entender que el pa\u00eds puede salir sin tener que siempre volver a caer.\u201d<\/span><\/p>\n<p><span style=\"line-height: 1.3em;\">\u201cNosotros elegimos estar cerca de la gente porque estoy convencida que as\u00ed tiene que ser. Uno hace campa\u00f1a como gobierna. Nosotros no hacemos grandes actos, ni micros, ni tenemos el famoso \u00abaparato pol\u00edtico\u00bb, sostuvo Vidal. \u201cNosotros vamos a las casas a escucharlos y a ver que les pasa. No podemos gobernar a los vecinos si no sabemos lo que les pasa.\u201d<\/span><\/p>\n<p><span style=\"line-height: 1.3em;\">Consultada por la prensa sobre el decreto para la implementaci\u00f3n de polic\u00edas locales y las diferentes posturas de los intendentes, Vidal analiz\u00f3: \u201cLo importante es darle m\u00e1s seguridad a la gente y ojal\u00e1 que esta propuesta lo logre. Necesitamos buenas polic\u00edas comunales, bien equipadas, con buenos sueldos. Nosotros ya hicimos una Polic\u00eda Comunal que es la Metropolitana. Si ese es el modelo, bienvenida sea. Si es una discusi\u00f3n m\u00e1s entre pol\u00edticos que no tiene que ver con la realidad de la gente, entonces no vamos a acompa\u00f1ar\u201d.<\/span><\/p>\n<p>Ep\u00edgrafe: junto a Mat\u00edas Casaretto y Ricardo Eduard, de Acci\u00f3n Comunal<\/p>\n","protected":false},"excerpt":{"rendered":"<p>La referente del Pro Mar\u00eda Eugenia Vidal mantuvo un encuentro con vecinos y dirigentes locales en el tradicional Boat Club de Tigre, donde se\u00f1al\u00f3 estar \u201cmuy contenta de que Acci\u00f3n Comunal se sume al sue\u00f1o del Pro y de todos los argentinos de vivir distinto. De entender que el pa\u00eds puede salir sin tener que [&hellip;]<\/p>\n","protected":false},"author":2,"featured_media":23989,"comment_status":"open","ping_status":"open","sticky":false,"template":"","format":"standard","meta":{"_et_pb_use_builder":"","_et_pb_old_content":"","_et_gb_content_width":"","footnotes":""},"categories":[11,44],"tags":[],"class_list":["post-23988","post","type-post","status-publish","format-standard","has-post-thumbnail","hentry","category-ciudad","category-funcionarios-de-la-caba"],"_links":{"self":[{"href":"https:\/\/vocesdebaires.com.ar\/index.php\/wp-json\/wp\/v2\/posts\/23988"}],"collection":[{"href":"https:\/\/vocesdebaires.com.ar\/index.php\/wp-json\/wp\/v2\/posts"}],"about":[{"href":"https:\/\/vocesdebaires.com.ar\/index.php\/wp-json\/wp\/v2\/types\/post"}],"author":[{"embeddable":true,"href":"https:\/\/vocesdebaires.com.ar\/index.php\/wp-json\/wp\/v2\/users\/2"}],"replies":[{"embeddable":true,"href":"https:\/\/vocesdebaires.com.ar\/index.php\/wp-json\/wp\/v2\/comments?post=23988"}],"version-history":[{"count":0,"href":"https:\/\/vocesdebaires.com.ar\/index.php\/wp-json\/wp\/v2\/posts\/23988\/revisions"}],"wp:featuredmedia":[{"embeddable":true,"href":"https:\/\/vocesdebaires.com.ar\/index.php\/wp-json\/wp\/v2\/media\/23989"}],"wp:attachment":[{"href":"https:\/\/vocesdebaires.com.ar\/index.php\/wp-json\/wp\/v2\/media?parent=23988"}],"wp:term":[{"taxonomy":"category","embeddable":true,"href":"https:\/\/vocesdebaires.com.ar\/index.php\/wp-json\/wp\/v2\/categories?post=23988"},{"taxonomy":"post_tag","embeddable":true,"href":"https:\/\/vocesdebaires.com.ar\/index.php\/wp-json\/wp\/v2\/tags?post=23988"}],"curies":[{"name":"wp","href":"https:\/\/api.w.org\/{rel}","templated":true}]}}