{"id":24003,"date":"2014-07-21T21:19:04","date_gmt":"2014-07-22T00:19:04","guid":{"rendered":"http:\/\/vocesdebaires.com.ar\/wordpress\/index.php\/2014\/07\/21\/semana-mundial-de-la-lactancia-materna-3\/"},"modified":"2014-07-21T21:19:04","modified_gmt":"2014-07-22T00:19:04","slug":"semana-mundial-de-la-lactancia-materna-3","status":"publish","type":"post","link":"https:\/\/vocesdebaires.com.ar\/index.php\/2014\/07\/21\/semana-mundial-de-la-lactancia-materna-3\/","title":{"rendered":"Semana Mundial de la Lactancia Materna"},"content":{"rendered":"<p><span style=\"line-height: 1.3em;\">La legisladora Victoria Morales Gorleri convoca a celebrar la Semana Mundial de la Lactancia Materna el pr\u00f3ximo jueves 31 de julio en el Sal\u00f3n San Mart\u00edn de la Legislatura Porte\u00f1a (Per\u00fa 160) de 18 a 20Hs. \u00a0En ese marco, el reconocido pediatra Carlos Gonz\u00e1lez presentar\u00e1 su libro \u201cUn regalo para toda la vida, gu\u00eda de lactancia\u201d, recientemente declarado de inter\u00e9s educativo de la Ciudad. La entrada es libre y gratuita. <\/span><\/p>\n<p><span style=\"line-height: 1.3em;\">Morales Gorleri expres\u00f3 que \u201ca d\u00edas de iniciarse la Semana Mundial de la Lactancia Materna nos alegra contar con la presencia en nuestro pa\u00eds de una eminencia en la materia. Dar el pecho es una opci\u00f3n personal que nos ofrece a las madres y a nuestros hijos la posibilidad de crear un v\u00ednculo especial que generar\u00e1 beneficios para ambos. La leche materna es para el Dr. Gonz\u00e1lez y tambi\u00e9n para m\u00ed \u201cun regalo para toda la vida\u2019\u2026y sin fecha de caducidad\u201d.<\/span><\/p>\n<p><span style=\"line-height: 1.3em;\">\u201cEl libro es una gu\u00eda de lactancia que ofrece informaci\u00f3n pr\u00e1ctica a aquellas madres que desean dar el pecho. En \u00e9l vemos que lo importante de este acto es el lazo de uni\u00f3n que se establece entre la mam\u00e1 y el beb\u00e9, que es una suerte de continuaci\u00f3n del cord\u00f3n umbilical. Y como dice Carlos, \u201cEste libro no intenta convencer a las madres de que den el pecho, sino ayudar a las que desean hacerlo\u201d\u201d, explic\u00f3 Morales Gorleri.<\/span><\/p>\n","protected":false},"excerpt":{"rendered":"<p>La legisladora Victoria Morales Gorleri convoca a celebrar la Semana Mundial de la Lactancia Materna el pr\u00f3ximo jueves 31 de julio en el Sal\u00f3n San Mart\u00edn de la Legislatura Porte\u00f1a (Per\u00fa 160) de 18 a 20Hs. \u00a0En ese marco, el reconocido pediatra Carlos Gonz\u00e1lez presentar\u00e1 su libro \u201cUn regalo para toda la vida, gu\u00eda de [&hellip;]<\/p>\n","protected":false},"author":2,"featured_media":22583,"comment_status":"open","ping_status":"open","sticky":false,"template":"","format":"standard","meta":{"_et_pb_use_builder":"","_et_pb_old_content":"","_et_gb_content_width":"","footnotes":""},"categories":[11,44],"tags":[],"class_list":["post-24003","post","type-post","status-publish","format-standard","has-post-thumbnail","hentry","category-ciudad","category-funcionarios-de-la-caba"],"_links":{"self":[{"href":"https:\/\/vocesdebaires.com.ar\/index.php\/wp-json\/wp\/v2\/posts\/24003"}],"collection":[{"href":"https:\/\/vocesdebaires.com.ar\/index.php\/wp-json\/wp\/v2\/posts"}],"about":[{"href":"https:\/\/vocesdebaires.com.ar\/index.php\/wp-json\/wp\/v2\/types\/post"}],"author":[{"embeddable":true,"href":"https:\/\/vocesdebaires.com.ar\/index.php\/wp-json\/wp\/v2\/users\/2"}],"replies":[{"embeddable":true,"href":"https:\/\/vocesdebaires.com.ar\/index.php\/wp-json\/wp\/v2\/comments?post=24003"}],"version-history":[{"count":0,"href":"https:\/\/vocesdebaires.com.ar\/index.php\/wp-json\/wp\/v2\/posts\/24003\/revisions"}],"wp:featuredmedia":[{"embeddable":true,"href":"https:\/\/vocesdebaires.com.ar\/index.php\/wp-json\/wp\/v2\/media\/22583"}],"wp:attachment":[{"href":"https:\/\/vocesdebaires.com.ar\/index.php\/wp-json\/wp\/v2\/media?parent=24003"}],"wp:term":[{"taxonomy":"category","embeddable":true,"href":"https:\/\/vocesdebaires.com.ar\/index.php\/wp-json\/wp\/v2\/categories?post=24003"},{"taxonomy":"post_tag","embeddable":true,"href":"https:\/\/vocesdebaires.com.ar\/index.php\/wp-json\/wp\/v2\/tags?post=24003"}],"curies":[{"name":"wp","href":"https:\/\/api.w.org\/{rel}","templated":true}]}}