{"id":24004,"date":"2014-07-21T21:26:09","date_gmt":"2014-07-22T00:26:09","guid":{"rendered":"http:\/\/vocesdebaires.com.ar\/wordpress\/index.php\/2014\/07\/21\/vidal-los-vecinos-reclaman-asfalto-cloacas-y-seguridad\/"},"modified":"2014-07-21T21:26:09","modified_gmt":"2014-07-22T00:26:09","slug":"vidal-los-vecinos-reclaman-asfalto-cloacas-y-seguridad","status":"publish","type":"post","link":"https:\/\/vocesdebaires.com.ar\/index.php\/2014\/07\/21\/vidal-los-vecinos-reclaman-asfalto-cloacas-y-seguridad\/","title":{"rendered":"Vidal: \u00abLos vecinos reclaman asfalto, cloacas y seguridad\u00bb"},"content":{"rendered":"<p><span style=\"line-height: 1.3em;\"> La referente del Pro Mar\u00eda Eugenia Vidal advirti\u00f3 hoy que \u201clos vecinos de Ezeiza reclaman asfalto, cloacas y seguridad, piden que los patrulleros ingresen y recorran los barrios\u00bb. <\/span><span style=\"line-height: 1.3em;\">En ese sentido, Vidal resalt\u00f3 que \u00abtambi\u00e9n hay muchas ganas de cambiar y ese cambio es posible con un Estado que acompa\u00f1e\u00bb \u00a0y agreg\u00f3: \u00abNuestra propuesta es armar un equipo que ayude a estos vecinos que se arremangan y la pelean todos los d\u00edas\u00bb.<\/span><\/p>\n<p><span style=\"line-height: 1.3em;\">La dirigente bonaerense realiz\u00f3 una caminata por la peatonal del distrito, se reuni\u00f3 con vecinos del barrio Lamadrid, dialog\u00f3 con comerciantes y luego recorri\u00f3 las instalaciones del Hospital Dr. Eurnekian. \u201cEs un hospital con poco personal y pocos insumos, en el que los vecinos tiene muchas dificultades para conseguir turnos. Muchas familias bonaerenses deben recurrir a los servicios de salud de Ciudad de Buenos Aires\u201d, manifest\u00f3 Vidal.<\/span><\/p>\n<p><span style=\"line-height: 1.3em;\">Acompa\u00f1ada por el legislador porte\u00f1o y armador pol\u00edtico del Pro en la Provincia, Federico Salvai, Vidal visit\u00f3 el club Defensa y Justicia de Ezeiza donde ponder\u00f3 a dirigentes y vecinos que \u201ca pesar de ser un club con muchas necesidades hacen un esfuerzo conmovedor para darles la merienda a los chicos del barrio\u201d.<\/span><\/p>\n","protected":false},"excerpt":{"rendered":"<p>La referente del Pro Mar\u00eda Eugenia Vidal advirti\u00f3 hoy que \u201clos vecinos de Ezeiza reclaman asfalto, cloacas y seguridad, piden que los patrulleros ingresen y recorran los barrios\u00bb. En ese sentido, Vidal resalt\u00f3 que \u00abtambi\u00e9n hay muchas ganas de cambiar y ese cambio es posible con un Estado que acompa\u00f1e\u00bb \u00a0y agreg\u00f3: \u00abNuestra propuesta es [&hellip;]<\/p>\n","protected":false},"author":2,"featured_media":24005,"comment_status":"open","ping_status":"open","sticky":false,"template":"","format":"standard","meta":{"_et_pb_use_builder":"","_et_pb_old_content":"","_et_gb_content_width":"","footnotes":""},"categories":[11,44],"tags":[],"class_list":["post-24004","post","type-post","status-publish","format-standard","has-post-thumbnail","hentry","category-ciudad","category-funcionarios-de-la-caba"],"_links":{"self":[{"href":"https:\/\/vocesdebaires.com.ar\/index.php\/wp-json\/wp\/v2\/posts\/24004"}],"collection":[{"href":"https:\/\/vocesdebaires.com.ar\/index.php\/wp-json\/wp\/v2\/posts"}],"about":[{"href":"https:\/\/vocesdebaires.com.ar\/index.php\/wp-json\/wp\/v2\/types\/post"}],"author":[{"embeddable":true,"href":"https:\/\/vocesdebaires.com.ar\/index.php\/wp-json\/wp\/v2\/users\/2"}],"replies":[{"embeddable":true,"href":"https:\/\/vocesdebaires.com.ar\/index.php\/wp-json\/wp\/v2\/comments?post=24004"}],"version-history":[{"count":0,"href":"https:\/\/vocesdebaires.com.ar\/index.php\/wp-json\/wp\/v2\/posts\/24004\/revisions"}],"wp:featuredmedia":[{"embeddable":true,"href":"https:\/\/vocesdebaires.com.ar\/index.php\/wp-json\/wp\/v2\/media\/24005"}],"wp:attachment":[{"href":"https:\/\/vocesdebaires.com.ar\/index.php\/wp-json\/wp\/v2\/media?parent=24004"}],"wp:term":[{"taxonomy":"category","embeddable":true,"href":"https:\/\/vocesdebaires.com.ar\/index.php\/wp-json\/wp\/v2\/categories?post=24004"},{"taxonomy":"post_tag","embeddable":true,"href":"https:\/\/vocesdebaires.com.ar\/index.php\/wp-json\/wp\/v2\/tags?post=24004"}],"curies":[{"name":"wp","href":"https:\/\/api.w.org\/{rel}","templated":true}]}}